{"id":104099,"date":"2023-07-03T12:42:47","date_gmt":"2023-07-03T15:42:47","guid":{"rendered":"https:\/\/www.actualidadadiario.com\/?p=104099"},"modified":"2023-07-03T12:42:47","modified_gmt":"2023-07-03T15:42:47","slug":"en-entre-rios-se-presentaron-1020-listas-y-se-oficializaron-859","status":"publish","type":"post","link":"https:\/\/www.actualidadadiario.com\/index.php\/2023\/07\/03\/en-entre-rios-se-presentaron-1020-listas-y-se-oficializaron-859\/","title":{"rendered":"En Entre R\u00edos se presentaron 1020 listas y se oficializaron 859"},"content":{"rendered":"<p style=\"text-align: center;\"><em><strong>El Tribunal Electoral de Entre R\u00edos inform\u00f3 que en la provincia finalmente se oficializaron 859 listas para las pr\u00f3ximas elecciones. Hay m\u00e1s de 13 mil precandidatos para ocupar 3430 cargos electivos<\/strong><\/em><\/p>\n<p>&nbsp;<\/p>\n<p>&nbsp;<\/p>\n<p>El Tribunal Electoral de Entre R\u00edos inform\u00f3 que -de conformidad a lo establecido en el cronograma para las elecciones- un total de 42 agrupaciones pol\u00edticas (incluyendo alianzas transitorias y partidos) se presentaron y solicitaron la oficializaci\u00f3n de un total de 1.020 listas.<\/p>\n<p>Las mismas incluyen la postulaci\u00f3n de 13.362 precandidaturas para ocupar los 3.430 cargos electivos provinciales, municipales, comunales y de juntas de gobierno.<\/p>\n<p>A su vez, se indic\u00f3 que, tras el proceso de control de las listas y sus precandidaturas, se oficializaci\u00f3n 859 listas.<\/p>\n<p>&nbsp;<\/p>\n<p><strong>Agrupaciones presentadas y oficializadas:<\/strong><\/p>\n<ul>\n<li>Alianza Transitoria \u201cJuntos por Entre R\u00edos\u201d: 406 listas oficializadas.<\/li>\n<li>Alianza Transitoria \u201cM\u00e1s por Entre R\u00edos\u201d: 323 listas oficializadas.<\/li>\n<li>Alianza Transitoria \u201cLa Libertad Avanza\u201d: 43 listas oficializadas.<\/li>\n<li>Confederaci\u00f3n Vecinalista de Entre R\u00edos: 39 listas oficializadas.<\/li>\n<li>Partidos municipales y comunales: 39 listas oficializadas.<\/li>\n<li>Nueva Izquierda: 9 listas oficializadas<\/li>\n<\/ul>\n<p>&nbsp;<\/p>\n<p><strong>Denuncia<\/strong><\/p>\n<p>El Tribunal indic\u00f3 adem\u00e1s que recibi\u00f3 una denuncia por irregularidades en la conformaci\u00f3n de una lista de precandidatos a senadores provinciales por Villaguay, de la Alianza la Libertad Avanza y corri\u00f3 inmediato traslado a dicha agrupaci\u00f3n para que realice el descargo pertinente.<\/p>\n<p>Tal Alianza no hizo descargo alguno, sino que meramente desisti\u00f3 de esas precandidaturas y las reemplaz\u00f3 por otras, siendo las que se han oficializado.<\/p>\n","protected":false},"excerpt":{"rendered":"<p>El Tribunal Electoral de Entre R\u00edos inform\u00f3 que en la provincia finalmente se oficializaron 859 listas para las pr\u00f3ximas elecciones. Hay m\u00e1s de 13 mil precandidatos para ocupar 3430 cargos electivos &nbsp; &nbsp; El Tribunal Electoral de Entre R\u00edos inform\u00f3 que -de conformidad a lo establecido en el cronograma para las elecciones- un total de 42 agrupaciones pol\u00edticas (incluyendo alianzas transitorias y partidos) se presentaron y solicitaron la oficializaci\u00f3n de un total de 1.020 listas. Las mismas incluyen la postulaci\u00f3n de 13.362 precandidaturas para ocupar los 3.430 cargos electivos provinciales,&#8230;<\/p>\n","protected":false},"author":3,"featured_media":97764,"comment_status":"closed","ping_status":"closed","sticky":false,"template":"","format":"standard","meta":[],"categories":[9,15],"tags":[],"_links":{"self":[{"href":"https:\/\/www.actualidadadiario.com\/index.php\/wp-json\/wp\/v2\/posts\/104099"}],"collection":[{"href":"https:\/\/www.actualidadadiario.com\/index.php\/wp-json\/wp\/v2\/posts"}],"about":[{"href":"https:\/\/www.actualidadadiario.com\/index.php\/wp-json\/wp\/v2\/types\/post"}],"author":[{"embeddable":true,"href":"https:\/\/www.actualidadadiario.com\/index.php\/wp-json\/wp\/v2\/users\/3"}],"replies":[{"embeddable":true,"href":"https:\/\/www.actualidadadiario.com\/index.php\/wp-json\/wp\/v2\/comments?post=104099"}],"version-history":[{"count":1,"href":"https:\/\/www.actualidadadiario.com\/index.php\/wp-json\/wp\/v2\/posts\/104099\/revisions"}],"predecessor-version":[{"id":104100,"href":"https:\/\/www.actualidadadiario.com\/index.php\/wp-json\/wp\/v2\/posts\/104099\/revisions\/104100"}],"wp:featuredmedia":[{"embeddable":true,"href":"https:\/\/www.actualidadadiario.com\/index.php\/wp-json\/wp\/v2\/media\/97764"}],"wp:attachment":[{"href":"https:\/\/www.actualidadadiario.com\/index.php\/wp-json\/wp\/v2\/media?parent=104099"}],"wp:term":[{"taxonomy":"category","embeddable":true,"href":"https:\/\/www.actualidadadiario.com\/index.php\/wp-json\/wp\/v2\/categories?post=104099"},{"taxonomy":"post_tag","embeddable":true,"href":"https:\/\/www.actualidadadiario.com\/index.php\/wp-json\/wp\/v2\/tags?post=104099"}],"curies":[{"name":"wp","href":"https:\/\/api.w.org\/{rel}","templated":true}]}}