{"id":104096,"date":"2023-07-03T12:41:52","date_gmt":"2023-07-03T15:41:52","guid":{"rendered":"https:\/\/www.actualidadadiario.com\/?p=104096"},"modified":"2023-07-03T12:41:52","modified_gmt":"2023-07-03T15:41:52","slug":"bordet-es-momento-de-ir-por-mas-para-las-entrerrianas-y-los-entrerrianos","status":"publish","type":"post","link":"https:\/\/www.actualidadadiario.com\/index.php\/2023\/07\/03\/bordet-es-momento-de-ir-por-mas-para-las-entrerrianas-y-los-entrerrianos\/","title":{"rendered":"Bordet: \u201cEs momento de ir por m\u00e1s para las entrerrianas y los entrerrianos\u201d"},"content":{"rendered":"<p style=\"text-align: center;\"><em><strong>El gobernador Gustavo Bordet, particip\u00f3 junto a la comunidad del departamento Col\u00f3n y de la regi\u00f3n de la Fiesta Nacional de la Colonizaci\u00f3n y aniversario de San Jos\u00e9. \u201cNecesitamos gobernantes que est\u00e9n comprometidos con su provincia, que tengan ra\u00edces profundas en su provincia\u201d, asever\u00f3<\/strong><\/em><\/p>\n<p>&nbsp;<\/p>\n<p>&nbsp;<\/p>\n<p>Acompa\u00f1ado por el intendente de Paran\u00e1, Ad\u00e1n Bahl, afirm\u00f3 que \u201chonrar la memoria de los pioneros significa para quienes tenemos responsabilidades de gobierno comprometernos a ser mejores todos los d\u00edas e ir por m\u00e1s\u201d.<\/p>\n<p>\u201cGobernar significa querer el lugar donde uno naci\u00f3 y donde uno tiene sus ra\u00edces\u201d, asegur\u00f3 y agreg\u00f3: \u201cNecesitamos gobernantes que est\u00e9n comprometidos con su provincia, que tengan ra\u00edces profundas en su provincia, que la quieran y que quieran el progreso de Entre R\u00edos\u201d.<\/p>\n<p>En el marco del 166\u00ba aniversario de la localidad y la 36\u00ba edici\u00f3n de la Fiesta de la Colonizaci\u00f3n, junto al intendente Gustavo Bastian y la presidenta de la Fundaci\u00f3n Iapser, Mariel \u00c1vila, recorri\u00f3 el Simposio Internacional de Esculturas que se emplaza en el predio multieventos, entreg\u00f3 un aporte para solventar gastos de la fiesta Nacional de la Colonizaci\u00f3n y particip\u00f3 del desfile evocativo que se realiz\u00f3 en la plaza Urquiza.<\/p>\n<p>\u201cEn esta oportunidad de los 166 a\u00f1os de San Jos\u00e9, es muy bueno poder proyectar aquellos sue\u00f1os que trajeron los pioneros, los primeros colonos. Honrar la memoria de aquellos pioneros significa comprometernos a quienes tenemos responsabilidad de gobierno todos los d\u00edas para ser mejores. Significa que todos y cada uno de nosotros tenemos que poner un granito m\u00e1s de arena para llevar a Entre R\u00edos a un destino de grandeza, a un destino de prosperidad y fundamentalmente a un destino de bienestar donde todos podamos vivir y realizarnos\u201d, expres\u00f3 Bordet durante su discurso.<\/p>\n<p>Seguidamente, agradeci\u00f3 al intendente Gustavo Bastian, por la invitaci\u00f3n y expres\u00f3: &#8220;Estar nuevamente en esta fiesta, en este cumplea\u00f1os de San Jos\u00e9 tiene un significado muy especial: \u201cAquel 2 de julio de 1857 vinieron los primeros inmigrantes a la provincia de Entre R\u00edos. Fue fruto, quiz\u00e1s, de la casualidad, porque iban a ir a la provincia de Corrientes, pero el gobierno incumpli\u00f3 el contrato que ten\u00eda con los inmigrantes que ven\u00edan en aquel vapor, y entonces el general Urquiza, que era presidente de la Argentina, el primer presidente constitucional que tuvo la Argentina, cedi\u00f3 sus propias tierras para que aquellas familias que ven\u00edan buscando una esperanza, un sue\u00f1o para realizar en estas tierras, que ven\u00edan dejando atr\u00e1s monta\u00f1as, que ven\u00edan dejando atr\u00e1s una geograf\u00eda completamente diferente a la que aqu\u00ed encontraban pudieran realizarse&#8221;, rememor\u00f3.<\/p>\n<p>Y a\u00f1adi\u00f3: &#8220;Entre esas familias que vinieron despu\u00e9s en la colonizaci\u00f3n, estuvieron mis bisabuelos, que vinieron a la colonia de San Jos\u00e9. Algunos de ellos descansan en el cementerio de esta ciudad de San Jos\u00e9 por eso mis afectos que tengo y que siempre voy a tener con la ciudad&#8221;.<\/p>\n<p>P\u00e1rrafo seguido, expres\u00f3: \u201cEsta idea de Urquiza, gobernador de Entre R\u00edos, presidente de la Confederaci\u00f3n Argentina, ten\u00eda que ver con aquel concepto de Alberdi, de que gobernar es poblar. Y tuvo que hacerlo tambi\u00e9n con distintas corrientes inmigratorias que despu\u00e9s van a tener una importancia determinante en la provincia. Con los alemanes del Volga, donde vinieron los bisabuelos de Ad\u00e1n Bahl,-intendente de Paran\u00e1-, con los gauchos jud\u00edos que poblaron y trajeron el progreso y la ciencia a nuestra tierra y con cientos y miles de inmigrantes que poblaron Entre R\u00edos a lo largo y a lo ancho de su geograf\u00eda\u201d.<\/p>\n<p>\u201cEsto nos dio una identidad cultural, nos dio la identidad de un crisol de razas y nos dio la posibilidad de que toda familia que quer\u00eda venir a trabajar la tierra, encuentren Entre R\u00edos la oportunidad para hacerle ver cristalizadas sus esperanzas\u201d, valor\u00f3 el mandatario.<\/p>\n<p>Participaron de las celebraciones, adem\u00e1s, las secretarias de Turismo, Maria Laura Saad y de Cultura, Francisca D`Agostino, entre otras autoridades locales y de cercan\u00edas.<\/p>\n","protected":false},"excerpt":{"rendered":"<p>El gobernador Gustavo Bordet, particip\u00f3 junto a la comunidad del departamento Col\u00f3n y de la regi\u00f3n de la Fiesta Nacional de la Colonizaci\u00f3n y aniversario de San Jos\u00e9. \u201cNecesitamos gobernantes que est\u00e9n comprometidos con su provincia, que tengan ra\u00edces profundas en su provincia\u201d, asever\u00f3 &nbsp; &nbsp; Acompa\u00f1ado por el intendente de Paran\u00e1, Ad\u00e1n Bahl, afirm\u00f3 que \u201chonrar la memoria de los pioneros significa para quienes tenemos responsabilidades de gobierno comprometernos a ser mejores todos los d\u00edas e ir por m\u00e1s\u201d. \u201cGobernar significa querer el lugar donde uno naci\u00f3 y donde&#8230;<\/p>\n","protected":false},"author":3,"featured_media":104097,"comment_status":"closed","ping_status":"closed","sticky":false,"template":"","format":"standard","meta":[],"categories":[15],"tags":[],"_links":{"self":[{"href":"https:\/\/www.actualidadadiario.com\/index.php\/wp-json\/wp\/v2\/posts\/104096"}],"collection":[{"href":"https:\/\/www.actualidadadiario.com\/index.php\/wp-json\/wp\/v2\/posts"}],"about":[{"href":"https:\/\/www.actualidadadiario.com\/index.php\/wp-json\/wp\/v2\/types\/post"}],"author":[{"embeddable":true,"href":"https:\/\/www.actualidadadiario.com\/index.php\/wp-json\/wp\/v2\/users\/3"}],"replies":[{"embeddable":true,"href":"https:\/\/www.actualidadadiario.com\/index.php\/wp-json\/wp\/v2\/comments?post=104096"}],"version-history":[{"count":1,"href":"https:\/\/www.actualidadadiario.com\/index.php\/wp-json\/wp\/v2\/posts\/104096\/revisions"}],"predecessor-version":[{"id":104098,"href":"https:\/\/www.actualidadadiario.com\/index.php\/wp-json\/wp\/v2\/posts\/104096\/revisions\/104098"}],"wp:featuredmedia":[{"embeddable":true,"href":"https:\/\/www.actualidadadiario.com\/index.php\/wp-json\/wp\/v2\/media\/104097"}],"wp:attachment":[{"href":"https:\/\/www.actualidadadiario.com\/index.php\/wp-json\/wp\/v2\/media?parent=104096"}],"wp:term":[{"taxonomy":"category","embeddable":true,"href":"https:\/\/www.actualidadadiario.com\/index.php\/wp-json\/wp\/v2\/categories?post=104096"},{"taxonomy":"post_tag","embeddable":true,"href":"https:\/\/www.actualidadadiario.com\/index.php\/wp-json\/wp\/v2\/tags?post=104096"}],"curies":[{"name":"wp","href":"https:\/\/api.w.org\/{rel}","templated":true}]}}