{"id":104091,"date":"2023-07-03T12:39:47","date_gmt":"2023-07-03T15:39:47","guid":{"rendered":"https:\/\/www.actualidadadiario.com\/?p=104091"},"modified":"2023-07-03T12:39:47","modified_gmt":"2023-07-03T15:39:47","slug":"inflacion-de-junio-continua-la-desaceleracion-de-alimentos-y-el-ipc-perforaria-el-7","status":"publish","type":"post","link":"https:\/\/www.actualidadadiario.com\/index.php\/2023\/07\/03\/inflacion-de-junio-continua-la-desaceleracion-de-alimentos-y-el-ipc-perforaria-el-7\/","title":{"rendered":"Inflaci\u00f3n de junio: contin\u00faa la desaceleraci\u00f3n de alimentos y el IPC perforar\u00eda el 7%"},"content":{"rendered":"<p style=\"text-align: center;\"><em><strong>De acuerdo a consultoras privadas la nueva tendencia a la baja del IPC, respecto al mes de mayo, se debe a una cuesti\u00f3n estacional de precios y a una menor variaci\u00f3n del rubro \u201cAlimentos\u201d<\/strong><\/em><\/p>\n<p>&nbsp;<\/p>\n<p>&nbsp;<\/p>\n<p>La inflaci\u00f3n de junio se proyecta con tendencia a la desaceleraci\u00f3n, como ocurri\u00f3 en mayo cuando baj\u00f3 al 7,8%. De acuerdo a los privados durante el sexto mes del a\u00f1o el IPC perforar\u00eda el 7% y se deber\u00eda a una cuesti\u00f3n estacional, y adem\u00e1s, a una menor variaci\u00f3n del rubro \u201calimentos\u201d, que habr\u00eda vuelto a evolucionar por debajo del \u00edndice general y contin\u00faa con una tendencia \u201ca la baja\u201d.<\/p>\n<p>En este sentido, de acuerdo a la consultora LCG, que realiz\u00f3 un\u00a0 relevamiento de Alimentos y Bebidas en la cuarta semana de junio, se observ\u00f3 un incremento del 0,1% mensual, \u201cdesacelerando fuerte contra 2,6% de la semana previa\u201d. \u201cLa inflaci\u00f3n promedio mensual tambi\u00e9n se desaceler\u00f3 a 5,6%, y acumula una baja de 3,3 p.p. respecto al pico registrado a principios de mayo. Medida punta contra punta, la inflaci\u00f3n en alimentos y bebidas fue del 4,1% en junio\u201d, destacaron desde la firma.<\/p>\n<p>Los aceites lideraron las subas del mes, seg\u00fan LCG, con un incremento del 8,8%, y le siguieron los productos l\u00e1cteos y huevos, con el 8,5%. Las carnes, en tanto, treparon 3,3%, mientras que las verduras lo hicieron 1% y las frutas, apenas 0,1%.<\/p>\n<p>Durante la \u00faltima semana de junio, el porcentaje de productos que aument\u00f3 \u201cvolvi\u00f3 a los niveles de las semanas anteriores: 20%\u201d. \u201cSumando este \u00faltimo dato, el promedio mensual es de 28% actualmente, lo que significa que el total de la canasta ajust\u00f3 cada 3,6 semanas en promedio\u201d, destacaron desde LCG.<\/p>\n<p>Por su parte, la Fundaci\u00f3n Libertad y Progreso mostr\u00f3 un aumento de 6,8% mensual en junio (en mayo, este indicador present\u00f3 una variaci\u00f3n de 9,1%). \u201cEste resultado marcar\u00eda, por segundo mes consecutivo, una desaceleraci\u00f3n en la tasa de variaci\u00f3n del \u00edndice de precios al consumidor\u201d, se\u00f1alaron desde la firma.<\/p>\n<p>\u201cLuego de que el INDEC registre cinco meses consecutivos de aceleraci\u00f3n, los \u00faltimos dos meses muestran una moderaci\u00f3n en la suba mensual del IPC. A pesar de lo anterior, esto no necesariamente significa una desaceleraci\u00f3n en la inflaci\u00f3n. En el segundo trimestre del a\u00f1o la estacionalidad de precios juega a favor, por lo que el IPC suele registrar variaciones mensuales menores a la de marzo. Que el \u00edndice de precios de junio sea menor al de mayo est\u00e1 dentro de lo esperable manteniendo la misma velocidad crucero de la inflaci\u00f3n subyacente\u201d, explicaron.<\/p>\n<p>Y remarcaron: \u201cVale la pena notar que el rubro \u2018Alimentos y bebidas no alcoh\u00f3licas\u2019 qued\u00f3 por debajo del \u00edndice general, aumentando 6,2% y sigue una tendencia a la baja. No obstante, se destacan fuertes aceleraciones en los servicios: \u2018Medicina\u2019 (10,1%) y \u2018Transporte\u2019 (7,2%). Ambos con incidencias de 0,9 puntos porcentuales\u201d.<\/p>\n<p>En ese sentido, desde la consultora C&amp;T detallaron que su relevamiento de precios minoristas para el Gran Buenos Aires present\u00f3 una variaci\u00f3n de 6,7% mensual, por debajo del 8,7% que hab\u00eda medido en mayo. \u201cLa moderaci\u00f3n fue generalizada en los rubros, aunque fueron particularmente relevantes las de vivienda, y alimentos y bebidas\u201d, explicaron desde la firma.<\/p>\n<p>\u201cVivienda, que hab\u00eda aumentado 11,8% en mayo lo hizo en 7,7% en junio. Dos factores se combinaron: en mayo hubo incrementos de electricidad y gas, mientras que en junio s\u00f3lo hubo de electricidad, y no hubo ajuste en los salarios de los encargados de edificio\u201d, detallaron.<\/p>\n<p>Al analizar espec\u00edficamente lo que sucedi\u00f3 con \u201calimentos y bebidas, el rubro de mayor peso\u201d, explicaron que hubo \u201cuna desaceleraci\u00f3n significativa en la primera quincena del mes de la mano de la baja de las verduras y el menor incremento de las carnes. As\u00ed, el rubro creci\u00f3 5,2% en el mes frente al 8,4% de mayo. Vale notar que en la tercera semana del mes los alimentos y bebidas treparon fuertemente para luego moderase en la \u00faltima semana del mes\u201d.<\/p>\n","protected":false},"excerpt":{"rendered":"<p>De acuerdo a consultoras privadas la nueva tendencia a la baja del IPC, respecto al mes de mayo, se debe a una cuesti\u00f3n estacional de precios y a una menor variaci\u00f3n del rubro \u201cAlimentos\u201d &nbsp; &nbsp; La inflaci\u00f3n de junio se proyecta con tendencia a la desaceleraci\u00f3n, como ocurri\u00f3 en mayo cuando baj\u00f3 al 7,8%. De acuerdo a los privados durante el sexto mes del a\u00f1o el IPC perforar\u00eda el 7% y se deber\u00eda a una cuesti\u00f3n estacional, y adem\u00e1s, a una menor variaci\u00f3n del rubro \u201calimentos\u201d, que habr\u00eda vuelto&#8230;<\/p>\n","protected":false},"author":3,"featured_media":60213,"comment_status":"closed","ping_status":"closed","sticky":false,"template":"","format":"standard","meta":[],"categories":[2],"tags":[],"_links":{"self":[{"href":"https:\/\/www.actualidadadiario.com\/index.php\/wp-json\/wp\/v2\/posts\/104091"}],"collection":[{"href":"https:\/\/www.actualidadadiario.com\/index.php\/wp-json\/wp\/v2\/posts"}],"about":[{"href":"https:\/\/www.actualidadadiario.com\/index.php\/wp-json\/wp\/v2\/types\/post"}],"author":[{"embeddable":true,"href":"https:\/\/www.actualidadadiario.com\/index.php\/wp-json\/wp\/v2\/users\/3"}],"replies":[{"embeddable":true,"href":"https:\/\/www.actualidadadiario.com\/index.php\/wp-json\/wp\/v2\/comments?post=104091"}],"version-history":[{"count":1,"href":"https:\/\/www.actualidadadiario.com\/index.php\/wp-json\/wp\/v2\/posts\/104091\/revisions"}],"predecessor-version":[{"id":104092,"href":"https:\/\/www.actualidadadiario.com\/index.php\/wp-json\/wp\/v2\/posts\/104091\/revisions\/104092"}],"wp:featuredmedia":[{"embeddable":true,"href":"https:\/\/www.actualidadadiario.com\/index.php\/wp-json\/wp\/v2\/media\/60213"}],"wp:attachment":[{"href":"https:\/\/www.actualidadadiario.com\/index.php\/wp-json\/wp\/v2\/media?parent=104091"}],"wp:term":[{"taxonomy":"category","embeddable":true,"href":"https:\/\/www.actualidadadiario.com\/index.php\/wp-json\/wp\/v2\/categories?post=104091"},{"taxonomy":"post_tag","embeddable":true,"href":"https:\/\/www.actualidadadiario.com\/index.php\/wp-json\/wp\/v2\/tags?post=104091"}],"curies":[{"name":"wp","href":"https:\/\/api.w.org\/{rel}","templated":true}]}}