{"id":104078,"date":"2023-07-01T16:17:36","date_gmt":"2023-07-01T19:17:36","guid":{"rendered":"https:\/\/www.actualidadadiario.com\/?p=104078"},"modified":"2023-07-01T16:17:36","modified_gmt":"2023-07-01T19:17:36","slug":"elecciones-2023-el-padron-electoral-sumo-un-millon-de-personas-desde-los-comicios-de-2021","status":"publish","type":"post","link":"https:\/\/www.actualidadadiario.com\/index.php\/2023\/07\/01\/elecciones-2023-el-padron-electoral-sumo-un-millon-de-personas-desde-los-comicios-de-2021\/","title":{"rendered":"Elecciones 2023: el padr\u00f3n electoral sum\u00f3 un mill\u00f3n de personas desde los comicios de 2021"},"content":{"rendered":"<p style=\"text-align: center;\"><em><strong>Los cambios no impactar\u00e1n en el orden del ranking provincial respecto al peso de cada distrito y Buenos Aires seguir\u00e1 teniendo el mayor caudal electoral, con m\u00e1s de 13 millones de votantes<\/strong><\/em><\/p>\n<p>&nbsp;<\/p>\n<p>&nbsp;<\/p>\n<p>El padr\u00f3n electoral nacional tendr\u00e1 m\u00e1s de 35 millones de ciudadanos habilitados para votar en las PASO del 13 de agosto, lo que representa que cerca de un mill\u00f3n de personas se sumaron desde 2021.<\/p>\n<p>El n\u00famero de personas en condiciones de sufragar en las Primarias, Abiertas, Simult\u00e1neas y Obligatorias rondar\u00e1 los 35.200.000.<\/p>\n<p>La cifra terminar\u00e1 de precisarse en los pr\u00f3ximos d\u00edas, ya que el 14 de julio est\u00e1 prevista la publicaci\u00f3n del padr\u00f3n definitivo para las elecciones nacionales.<\/p>\n<p>De esta manera, la cantidad de ciudadanos habilitados a votar tendr\u00e1 un incremento de cerca de un mill\u00f3n de personas en comparaci\u00f3n con los datos de los comicios de 2021: en aquel a\u00f1o el padr\u00f3n estaba integrado por 34.330.557 ciudadanos.<\/p>\n<p>Pese a ello, el peso electoral de los distritos se mantendr\u00e1 sin cambios y Buenos Aires ser\u00e1 la provincia con mayor cantidad de votantes -m\u00e1s de 13 millones-, seguida por C\u00f3rdoba, Santa Fe y la Ciudad.<\/p>\n<p>A lo largo y ancho del pa\u00eds se habilitar\u00e1n cerca de 103 mil mesas, que ser\u00e1n ubicadas en unos 16 mil establecimientos de votaci\u00f3n.<\/p>\n<p>Para los comicios generales del 22 de octubre, al n\u00famero nacional se le sumar\u00e1n unos 440.000 argentinos que residen de manera permanente en el exterior.<\/p>\n<p>Una vez que los datos oficiales est\u00e9n publicados, habr\u00e1 de terminar de confirmarse el nivel de crecimiento de la di\u00e1spora nacional, ya que en 2021 eran 409.152 los argentinos habilitados a votar en el exterior.<\/p>\n<p>Espa\u00f1a, Estados Unidos y Brasil ser\u00e1n ratificados como los principales lugares de residencia: Barcelona, Miami y San Pablo concentran las principales comunidades de migrantes argentinos.<\/p>\n","protected":false},"excerpt":{"rendered":"<p>Los cambios no impactar\u00e1n en el orden del ranking provincial respecto al peso de cada distrito y Buenos Aires seguir\u00e1 teniendo el mayor caudal electoral, con m\u00e1s de 13 millones de votantes &nbsp; &nbsp; El padr\u00f3n electoral nacional tendr\u00e1 m\u00e1s de 35 millones de ciudadanos habilitados para votar en las PASO del 13 de agosto, lo que representa que cerca de un mill\u00f3n de personas se sumaron desde 2021. El n\u00famero de personas en condiciones de sufragar en las Primarias, Abiertas, Simult\u00e1neas y Obligatorias rondar\u00e1 los 35.200.000. La cifra terminar\u00e1&#8230;<\/p>\n","protected":false},"author":3,"featured_media":77409,"comment_status":"closed","ping_status":"closed","sticky":false,"template":"","format":"standard","meta":[],"categories":[9],"tags":[],"_links":{"self":[{"href":"https:\/\/www.actualidadadiario.com\/index.php\/wp-json\/wp\/v2\/posts\/104078"}],"collection":[{"href":"https:\/\/www.actualidadadiario.com\/index.php\/wp-json\/wp\/v2\/posts"}],"about":[{"href":"https:\/\/www.actualidadadiario.com\/index.php\/wp-json\/wp\/v2\/types\/post"}],"author":[{"embeddable":true,"href":"https:\/\/www.actualidadadiario.com\/index.php\/wp-json\/wp\/v2\/users\/3"}],"replies":[{"embeddable":true,"href":"https:\/\/www.actualidadadiario.com\/index.php\/wp-json\/wp\/v2\/comments?post=104078"}],"version-history":[{"count":1,"href":"https:\/\/www.actualidadadiario.com\/index.php\/wp-json\/wp\/v2\/posts\/104078\/revisions"}],"predecessor-version":[{"id":104079,"href":"https:\/\/www.actualidadadiario.com\/index.php\/wp-json\/wp\/v2\/posts\/104078\/revisions\/104079"}],"wp:featuredmedia":[{"embeddable":true,"href":"https:\/\/www.actualidadadiario.com\/index.php\/wp-json\/wp\/v2\/media\/77409"}],"wp:attachment":[{"href":"https:\/\/www.actualidadadiario.com\/index.php\/wp-json\/wp\/v2\/media?parent=104078"}],"wp:term":[{"taxonomy":"category","embeddable":true,"href":"https:\/\/www.actualidadadiario.com\/index.php\/wp-json\/wp\/v2\/categories?post=104078"},{"taxonomy":"post_tag","embeddable":true,"href":"https:\/\/www.actualidadadiario.com\/index.php\/wp-json\/wp\/v2\/tags?post=104078"}],"curies":[{"name":"wp","href":"https:\/\/api.w.org\/{rel}","templated":true}]}}