{"id":104076,"date":"2023-07-01T16:16:35","date_gmt":"2023-07-01T19:16:35","guid":{"rendered":"https:\/\/www.actualidadadiario.com\/?p=104076"},"modified":"2023-07-01T16:16:35","modified_gmt":"2023-07-01T19:16:35","slug":"comenzo-el-pago-de-haberes-y-aguinaldo-a-estatales-y-jubilados","status":"publish","type":"post","link":"https:\/\/www.actualidadadiario.com\/index.php\/2023\/07\/01\/comenzo-el-pago-de-haberes-y-aguinaldo-a-estatales-y-jubilados\/","title":{"rendered":"Comenz\u00f3 el pago de haberes y aguinaldo a estatales y jubilados"},"content":{"rendered":"<p style=\"text-align: center;\"><em><strong>Inici\u00f3 este s\u00e1bado y el martes 11 de julio comenzar\u00e1 a abonarse el medio aguinaldo.\u00a0 \u201cRepresenta una inversi\u00f3n de 71 mil millones de pesos que hacemos desde la provincia\u201d, sostuvo el ministro de Econom\u00eda, Hugo Ballay<\/strong><\/em><\/p>\n<p>&nbsp;<\/p>\n<p>&nbsp;<\/p>\n<p>El titular de la cartera econ\u00f3mica dio a conocer que hoy comenz\u00f3 el cronograma de pagos de los haberes de junio para trabajadores y trabajadoras, activos y pasivos de la administraci\u00f3n p\u00fablica provincial.<\/p>\n<p>En ese marco, Ballay resalt\u00f3 que \u201cel pago de sueldos y aguinaldo representa una inversi\u00f3n de 71.000 millones de pesos que hacemos desde la provincia y que se vuelcan a la econom\u00eda local\u201d. De esta manera, \u201ccumplimos con los compromisos asumidos con las organizaciones gremiales del sector p\u00fablico en paritaria y seguimos impulsando la actividad en todo el territorio\u201d, agreg\u00f3.<\/p>\n<p>El ministro puso de relieve que \u201cha sido una constante de nuestro gobernador, Gustavo Bordet, cumplir con su palabra y sus compromisos. A pesar de la situaci\u00f3n compleja, trabajamos para consolidar el orden la previsibilidad en la provincia, porque eso es lo que nos permite incrementar los salarios por encima de la inflaci\u00f3n y seguir invirtiendo de manera estrat\u00e9gica en los sectores productivos para crear m\u00e1s trabajo privado tambi\u00e9n\u201d.<\/p>\n<p>\u201cGracias al apoyo del ministro de Econom\u00eda de la Naci\u00f3n, Sergio Massa, y al trabajo permanente del gobernador Bordet, venimos de concretar una pr\u00f3rroga de la emergencia agropecuaria provincial, que permitir\u00e1 que muchos productores recuperen su capital de trabajo de cara a la pr\u00f3xima siembra. Esto es muy importante porque es la actividad central en muchos pueblos y ciudades de Entre R\u00edos. Pero tambi\u00e9n avanzamos en acuerdos paritarios con los gremios del sector p\u00fablico, y aumentamos el tope de reintegros de la Billetera Entre R\u00edos que representa un beneficio concreto para miles de familias que hacen sus compras diariamente en los comercios entrerrianos\u201d, enumer\u00f3 Ballay.<\/p>\n<p>&nbsp;<\/p>\n<p><strong>El cronograma de pago de haberes de junio dado a conocer por el Ministerio de Econom\u00eda es el siguiente:<\/strong><\/p>\n<p><strong>S\u00e1bado 1 de julio:<\/strong> haberes hasta 130.000 pesos<\/p>\n<p><strong>Martes 4 de julio:<\/strong> haberes desde 130.001 pesos a 200.000 pesos<\/p>\n<p><strong>Mi\u00e9rcoles 5 de julio:<\/strong> haberes desde 200.001 pesos a 260.000 pesos<\/p>\n<p><strong>Jueves 6 de julio:<\/strong> haberes desde 260.001 pesos a 350.000 pesos<\/p>\n<p><strong>Viernes 7 de julio:<\/strong> haberes de m\u00e1s de 350.001 pesos<\/p>\n<p>&nbsp;<\/p>\n<p><strong>Medio aguinaldo<\/strong><\/p>\n<p><strong>Martes 11 de julio:<\/strong> hasta 80.000 pesos.<\/p>\n<p><strong>Mi\u00e9rcoles 12 de julio:<\/strong> desde 80.001 pesos a 150.000 pesos.<\/p>\n<p><strong>Jueves 13 de julio:<\/strong> M\u00e1s de 150.000 pesos.<\/p>\n","protected":false},"excerpt":{"rendered":"<p>Inici\u00f3 este s\u00e1bado y el martes 11 de julio comenzar\u00e1 a abonarse el medio aguinaldo.\u00a0 \u201cRepresenta una inversi\u00f3n de 71 mil millones de pesos que hacemos desde la provincia\u201d, sostuvo el ministro de Econom\u00eda, Hugo Ballay &nbsp; &nbsp; El titular de la cartera econ\u00f3mica dio a conocer que hoy comenz\u00f3 el cronograma de pagos de los haberes de junio para trabajadores y trabajadoras, activos y pasivos de la administraci\u00f3n p\u00fablica provincial. En ese marco, Ballay resalt\u00f3 que \u201cel pago de sueldos y aguinaldo representa una inversi\u00f3n de 71.000 millones de&#8230;<\/p>\n","protected":false},"author":3,"featured_media":104030,"comment_status":"closed","ping_status":"closed","sticky":false,"template":"","format":"standard","meta":[],"categories":[9,15],"tags":[],"_links":{"self":[{"href":"https:\/\/www.actualidadadiario.com\/index.php\/wp-json\/wp\/v2\/posts\/104076"}],"collection":[{"href":"https:\/\/www.actualidadadiario.com\/index.php\/wp-json\/wp\/v2\/posts"}],"about":[{"href":"https:\/\/www.actualidadadiario.com\/index.php\/wp-json\/wp\/v2\/types\/post"}],"author":[{"embeddable":true,"href":"https:\/\/www.actualidadadiario.com\/index.php\/wp-json\/wp\/v2\/users\/3"}],"replies":[{"embeddable":true,"href":"https:\/\/www.actualidadadiario.com\/index.php\/wp-json\/wp\/v2\/comments?post=104076"}],"version-history":[{"count":1,"href":"https:\/\/www.actualidadadiario.com\/index.php\/wp-json\/wp\/v2\/posts\/104076\/revisions"}],"predecessor-version":[{"id":104077,"href":"https:\/\/www.actualidadadiario.com\/index.php\/wp-json\/wp\/v2\/posts\/104076\/revisions\/104077"}],"wp:featuredmedia":[{"embeddable":true,"href":"https:\/\/www.actualidadadiario.com\/index.php\/wp-json\/wp\/v2\/media\/104030"}],"wp:attachment":[{"href":"https:\/\/www.actualidadadiario.com\/index.php\/wp-json\/wp\/v2\/media?parent=104076"}],"wp:term":[{"taxonomy":"category","embeddable":true,"href":"https:\/\/www.actualidadadiario.com\/index.php\/wp-json\/wp\/v2\/categories?post=104076"},{"taxonomy":"post_tag","embeddable":true,"href":"https:\/\/www.actualidadadiario.com\/index.php\/wp-json\/wp\/v2\/tags?post=104076"}],"curies":[{"name":"wp","href":"https:\/\/api.w.org\/{rel}","templated":true}]}}