{"id":104073,"date":"2023-07-01T16:15:54","date_gmt":"2023-07-01T19:15:54","guid":{"rendered":"https:\/\/www.actualidadadiario.com\/?p=104073"},"modified":"2023-07-01T16:15:54","modified_gmt":"2023-07-01T19:15:54","slug":"los-pre-candidatos-a-gobernador-expusieron-en-el-cpc-ante-empresarios-del-agro","status":"publish","type":"post","link":"https:\/\/www.actualidadadiario.com\/index.php\/2023\/07\/01\/los-pre-candidatos-a-gobernador-expusieron-en-el-cpc-ante-empresarios-del-agro\/","title":{"rendered":"Los pre candidatos a Gobernador expusieron en el CPC ante empresarios del agro"},"content":{"rendered":"<p style=\"text-align: center;\"><em><strong>Los diferentes candidatos a Gobernador de Entre R\u00edos, expusieron ante representantes de 100 instituciones de la provincia que se reunieron en el CPC. Bahl dijo que trabajar\u00e1 \u00abcon todas las instituciones para el desarrollo de la provincia\u00bb<\/strong><\/em><\/p>\n<p>&nbsp;<\/p>\n<p>&nbsp;<\/p>\n<p>Se desarroll\u00f3 la jornada \u201cLa pol\u00edtica y los entrerrianos de cara al 2024\u2033 donde los precandidatos a gobernador de Entre R\u00edos, expusieron sus propuestas de gobierno ante empresarios, productores y representantes de m\u00e1s de 100 instituciones entrerrianas, las cuales confeccionaron un documento y lo entregaron a cada uno de los postulantes.<\/p>\n<p>Para lograr este documento se realizaron encuentros previos en Concordia, Gualeguaych\u00fa y Crespo. El objetivo com\u00fan es construir pol\u00edticas p\u00fablicas que abarquen a todos los sectores econ\u00f3micos de la provincia con temas comunes como: caminos e infraestructura, energ\u00eda, educaci\u00f3n, producci\u00f3n, recursos humanos, comercio, justicia, turismo, entre otros.<\/p>\n<p>La actividad, que fue convocada por el Distrito Entre R\u00edos de la Sociedad Rural Argentina, se concret\u00f3 en el Centro Provincial de Convenciones (CPC) de Paran\u00e1 y participaron de los precandidatos Ad\u00e1n Bahl, Sebasti\u00e1n Etchevehere, Rogelio Frigerio, Alberto Olivetti y Pedro Galimberti.<\/p>\n<p>&nbsp;<\/p>\n<p><strong>Lo que opin\u00f3 Ad\u00e1n Bahl<\/strong><\/p>\n<p>El primero en exponer, ya que se decidi\u00f3 hacerlo en orden alfab\u00e9tico, fue el intendente de Paran\u00e1 y precandidato oficialista por \u201cM\u00e1s para Entre R\u00edos\u201d, Ad\u00e1n Bahl. Tras su exposici\u00f3n expres\u00f3 su felicidad por la invitaci\u00f3n a participar. Adem\u00e1s, destac\u00f3 el documento recibido por parte de m\u00e1s de 100 instituciones entrerrianas.<\/p>\n<p>\u201cSe trataron temas con los cuales coincidimos absolutamente y de alguna manera, me recuerda al trabajo que venimos haciendo en la ciudad de Paran\u00e1, donde a trav\u00e9s del Concejo Asesor Marca Ciudad, las entidades han colaborado, han trabajado y los resultados que hemos logrado, lo logramos entre todos. Por eso, me imagino trabajar con todas estas instituciones durante los pr\u00f3ximos cuatro a\u00f1os para el crecimiento y el desarrollo de nuestra provincia\u201d, anticip\u00f3 el precandidato.<\/p>\n<p>\u201cSe debe aplicar mucha responsabilidad ante las propuestas, porque de lo contrario, solamente uno podr\u00eda quedarse en las buenas intenciones. Y cuando uno gobierna, debe ser responsable para obtener resultados, ser eficiente y eficaz. Eso, solamente se puede hacer si uno tiene una programaci\u00f3n con las ideas y los recursos para llevarlas adelante\u201d, sostuvo.<\/p>\n<p>Durante la exposici\u00f3n, el intendente fue consultado sobre los caminos de la producci\u00f3n, cuestiones de energ\u00eda, la Caja de Jubilaciones y la planta de personal p\u00fablico, entre otros temas. Al respecto, dijo que \u201ces nuestro fuerte mostrar c\u00f3mo hemos superado la desidia que nos dej\u00f3 el gobierno anterior de Cambiemos y c\u00f3mo convertimos eso en una gran empresa que brinda servicios de manera eficiente\u201d, dijo Bahl y agreg\u00f3 que \u201chicimos referencia a la administraci\u00f3n de los recursos humanos, ya que antes, hac\u00edan falta 1400 personas para recolectar los residuos y actualmente, lo hacemos eficientemente, en todo Paran\u00e1 con apenas 110 personas y sin echar a ning\u00fan empleado\u201d, remarc\u00f3.<\/p>\n<p>\u201cDe manera ordenada, logramos cambiar la matriz financiera de la Municipalidad. Antes, de cada 100 pesos que ingresaban, 83 iban a sueldos. Actualmente, de 100 pesos que ingresan, 45 van a sueldos. Pero, adem\u00e1s, tenemos una pol\u00edtica salarial que ha estado un cinco por ciento por encima de la inflaci\u00f3n del a\u00f1o pasado y este a\u00f1o, va a estar un 12% por encima de la inflaci\u00f3n\u201d, resumi\u00f3 Bahl y agreg\u00f3 que \u201cesto significa que el trabajador p\u00fablico no es la variable de ajuste. Todo lo contrario, porque le pagamos m\u00e1s y muy bien, como respuesta de su trabajo eficiente\u201d, resalt\u00f3 el precandidato por \u201cM\u00e1s para Entre R\u00edos\u201d.<\/p>\n<p>Al ser consultado por el desarrollo productivo de la provincia, Bahl sostuvo que \u201cb\u00e1sicamente, hay que acompa\u00f1ar a la producci\u00f3n y para eso, hay que tener un equilibrio fiscal y recursos asignados. Trabajar fuerte con la imposici\u00f3n fiscal e invertir y acompa\u00f1ar a los sectores que m\u00e1s riqueza generan; como tambi\u00e9n, acompa\u00f1ar con obras de infraestructura\u201d, afirm\u00f3 y agreg\u00f3 que \u201csobre los caminos rurales, no podemos esperar, trabajar siempre de la misma manera y obtener distintos resultados\u201d, mencion\u00f3.<\/p>\n<p>\u201cAdem\u00e1s, debemos trabajar fuertemente sobre la matriz energ\u00e9tica y defender los intereses de los entrerrianos, porque nac\u00ed aqu\u00ed, estudi\u00e9 aqu\u00ed y vivo aqu\u00ed. Para m\u00ed, es algo muy natural\u201d, afirm\u00f3 y resalt\u00f3 que \u201cse debe seguir trabajando en la producci\u00f3n primaria para agregarle valor, porque el mundo, en los pr\u00f3ximos a\u00f1os, va a demandar alimentos y tenemos una extraordinaria oportunidad. Tambi\u00e9n va a demandar econom\u00eda del conocimiento y es una de nuestras fortalezas, porque en Paran\u00e1, hemos creado el Distrito del conocimiento, tenemos una pol\u00edtica fiscal y estamos construyendo un edificio para que nuestras empresas se radiquen y generen puestos de trabajo en la ciudad de Paran\u00e1\u201d, se\u00f1al\u00f3.<\/p>\n<p>\u201cTenemos que ser creativos, proactivos, eficaces y conducentes para encontrar la forma de trabajar juntos y generar un incremento, un salto fuerte de nuestra producci\u00f3n agroindustrial a partir de una plataforma p\u00fablico privada. Ese es mi esp\u00edritu y esa es mi convicci\u00f3n\u201d, remarc\u00f3 Bahl.<\/p>\n<p>En otro de los ejes, Bahl sostuvo que \u201cel equilibrio no puede ser un objetivo en s\u00ed mismo, tenemos que ir por m\u00e1s, dar un salto de calidad. Pero sin equilibrio fiscal no hay posibilidad de nada. Por eso tenemos que ser responsables. El equilibrio no puede estar sujeto a los enunciados de las ideolog\u00edas, de los discursos oportunistas, ni al ajuste ciego\u201d.<\/p>\n<p>&nbsp;<\/p>\n<p><strong>La exposici\u00f3n de Rogelio Frigerio<\/strong><\/p>\n<p>El pre candidato a gobernador de Juntos por Entre R\u00edos, Rogelio Frigerio, por su parte dijo: \u201cTodos estamos convencidos que tenemos un enorme potencial como provincia para salir adelante, hace falta sentido com\u00fan. Hace un siglo Entre R\u00edos le peleaba a Buenos Aires el liderazgo del pa\u00eds y hoy nos hemos transformado en la hermana pobre de la Regi\u00f3n Centro\u201d.<\/p>\n<p>\u201cTenemos que hacer todo lo que contrario a lo que venimos haciendo si queremos tener resultados diferentes, no nos podemos resignar a tener la ciudad m\u00e1s pobre del pa\u00eds. Hay que cambiar el rumbo, tanto a nivel nacional como provincial y local\u00bb, sostuvo y agreg\u00f3 que \u00abllegamos a este lugar por malas decisiones de la pol\u00edtica y en consecuencia, con buenas decisiones podemos salir de este estancamiento\u201d.<\/p>\n<p>En este sentido, Frigerio mencion\u00f3 que la gente \u201cest\u00e1 cansada del verso, de las promesas banas. Esta grieta enorme que hay entre la pol\u00edtica y la ciudadan\u00eda la vamos a empezar a cerrar si empezamos a decir qu\u00e9 vamos a hacer, c\u00f3mo y con quienes\u201d.<\/p>\n<p>Y acot\u00f3: \u201cLa primera tarea es terminar con todos los privilegios que tenemos en nuestra provincia, sobre todo en el Estado, que generan, como contraparte, la provincia con mayor carga tributaria de Argentina, con mayor cantidad de impuestos y trabas burocr\u00e1ticas. Terminemos con esos privilegios y d\u00e9mosle alivio impositivo, fiscal a nuestro sector productivo\u201d.<\/p>\n<p>\u201cEn el siglo XXI la consigna para el Estado tiene que ser generar trabajo y educar\u201d, remarc\u00f3.<\/p>\n<p>Entre las primeras medidas a tomar, el precandidato expres\u00f3 que \u201chay que bajar los impuestos, el costo de la energ\u00eda el\u00e9ctrica. Tenemos que hacer grandes transformaciones empezando por grandes acuerdos. Estoy trabajando en un nuevo acuerdo Naci\u00f3n \u2013 Provincia donde tambi\u00e9n tengamos como norte la generaci\u00f3n de condiciones para que haya empleo privado y darle alivio fiscal a la gente y a los sectores de la producci\u00f3n. Tambi\u00e9n hay que acordar con los municipios la reducci\u00f3n de impuestos y trabas burocr\u00e1ticas\u201d.<\/p>\n<p><strong>La palabra de Etchevehere<\/strong><\/p>\n<p>El pre candidato a gobernador por la Libertad Avanza, Sebasti\u00e1n Etchevehere, expres\u00f3 que \u201cempezamos a participar en la pol\u00edtica al ver que todas las instituciones del Estado han implosionado, no tienen rumbo, es un diagn\u00f3stico duro, pero no lo podemos dejar de enfrentar, entender que estamos en una etapa de reconstrucci\u00f3n de las bases de las instituciones p\u00fablicas. No es normal el des\u00e1nimo que encontramos en todas las \u00e1reas del Estado\u201d.<\/p>\n<p>\u201cSomos un mill\u00f3n y medio de personas, podemos hacer un gobierno personalizado, atender a cada uno de los entrerrianos en sus necesidades. Queremos un gobierno presente todos los d\u00edas y a partir de ah\u00ed surge la transformaci\u00f3n\u201d, expres\u00f3 el precandidato y se\u00f1al\u00f3 que tiene el equipo para llevar adelante su gesti\u00f3n.<\/p>\n<p>Consultado sobre el ajuste en el gasto p\u00fablico, que propone Javier Milei para todo el pa\u00eds, Etchevehere mencion\u00f3 que la provincia \u201cest\u00e1 atada a las pol\u00edticas nacionales. El 70 por ciento de nuestros recursos vienen del orden nacional y es una pol\u00edtica que se debe determinar en forma conjunta\u201d.<\/p>\n<p>Sobre las econom\u00edas regionales, el precandidato mencion\u00f3 que \u201chay que darles identidad\u201d y dio como ejemplo la localidad de Villa del Rosario, \u201cque es una gran productora de c\u00edtricos y no tiene caminos\u201d.<\/p>\n<p>\u201cTenemos que visibilizar cada una de esas econom\u00edas regionales, ponerlas como norte, pero no solamente se debe agotar en la cuesti\u00f3n econ\u00f3mica, sino que debe ir acompa\u00f1ado de una actividad cultural; nos tiene que identificar la actividad productiva con nuestro desarrollo cultural\u201d.<\/p>\n<p>&nbsp;<\/p>\n<p><strong>Lo que opina Galimberti<\/strong><\/p>\n<p>El precandidato Pedro Galimberti, aprovech\u00f3 para agradecer \u201ca la Sociedad Rural distrito Entre R\u00edos por la iniciativa de juntar m\u00e1s de 100 instituciones de la provincia, las cuales han elaborado un aserie de proyecto que nos han alcanzado a todos los que vamos a competir en las PASO, del 13 de agosto como precandidatos a gobernadores\u201d, dijo.<\/p>\n<p>Al respecto de la jornada, sostuvo \u201cque es importante porque, si bien, no ha sido un debate, hemos tenido la posibilidad de exponer y recibir preguntas por parte del p\u00fablico, que creo que nos ubica a los dirigentes que aspiramos a alg\u00fan lugar dentro de la provincia. Y pudimos contar algunas de las cosas que queremos llevar adelante\u201d, se\u00f1al\u00f3.<\/p>\n<p>\u201cHubo diferentes tem\u00e1ticas: se habl\u00f3 de caminos, salud, educaci\u00f3n y en mi caso, me preguntaron algunas cuestiones relacionadas a la energ\u00eda y espec\u00edficamente, a la represa binacional de Salto Grande\u201d, dijo Galimberti y agreg\u00f3 que \u201cse trat\u00f3 de un c\u00famulo de temas que hacen a la vida de los entrerrianos y que est\u00e1 bueno que podamos socializarlo, escucharnos entre nosotros y tambi\u00e9n, llevarnos las propuestas de las instituciones que seguro, nos va a enriquecer\u201d, afirm\u00f3.<\/p>\n<p>Respondiendo a la pregunta sobre lo que necesita Entre R\u00edos, Galimberti consider\u00f3 que \u201cnecesita un gobierno. Gobernar, es mucho m\u00e1s que administrar bien, cerrar bien con la caja a fin de a\u00f1o. Hay que buscar algunas alternativas, donde, adem\u00e1s de ese administrar de manera correcta y austera los fondos p\u00fablicos, tambi\u00e9n, tenemos que generar oportunidades para los entrerrianos y nosotros, tenemos la sensaci\u00f3n de que hoy se est\u00e1n perdiendo\u201d, subray\u00f3.<\/p>\n<p>Galimberti tambi\u00e9n brind\u00f3 un mensaje para los j\u00f3venes. \u201cA todos los que van a ir a votar. Que voten m\u00e1s all\u00e1 de los inconvenientes, la econom\u00eda y los problemas sociales. Que voten pensando que hay esperanza y un futuro mejor. Lo peor que podemos hacer, es desentendernos de quienes van a llevar adelante los destinos de la provincia, lo mejor que podemos hacer, a\u00fan con errores, es votar considerando que nos van a representar de la mejor manera\u201d, concluy\u00f3.<\/p>\n<p>&nbsp;<\/p>\n<p><strong>La exposici\u00f3n de Olivetti<\/strong><\/p>\n<p>El precandidato Alberto Olivetti, afirm\u00f3 que \u201cel intercambio de ideas y las posibilidades de que la gente pueda escuchar las diferentes alternativas, me parece una excelente idea de los organizadores que han posibilitado que nos encontremos, nos conozcamos y que la gente, pueda escuchar lo que uno tiene para decir en la construcci\u00f3n pol\u00edtica hacia adelante\u201d, afirm\u00f3.<\/p>\n<p>En cuanto a las propuestas, el precandidato, indic\u00f3: \u201cestamos trabajando y tenemos casi todos los departamentos organizados con candidatos legislativos, intendentes y concejales; junto a ellos vamos a seguir avanzando para consolidar una provincia que nos permita vivir un poquito mejor\u201d, consider\u00f3.<\/p>\n<p>\u201cLos problemas a solucionar son las pocas posibilidades que tiene los pueblos de ser parte de un proyecto de integraci\u00f3n. Hoy, hablamos de descentralizar el Estado provincial, de generar cartas organizas que amparen el proyecto de los municipios, para que tengan independencia econ\u00f3mica, pol\u00edtica y que permitan que cada una pueda generar su propuesta en cada rinc\u00f3n de la provincia y no que sea manejada a trav\u00e9s del dedo del gobernador\u201d, resalt\u00f3 Olivetti.<\/p>\n<p>En cuanto a las PASO, Olivetti se\u00f1al\u00f3 que \u201ctenemos las mejores expectativas, tenemos todo organizado y creemos que vamos a andar muy bien; la gente nos est\u00e1 mirando como una opci\u00f3n distinta que nos va a permitir crecer a los entrerrianos y vamos a dar una buena batalla\u201d, concluy\u00f3.<\/p>\n","protected":false},"excerpt":{"rendered":"<p>Los diferentes candidatos a Gobernador de Entre R\u00edos, expusieron ante representantes de 100 instituciones de la provincia que se reunieron en el CPC. Bahl dijo que trabajar\u00e1 \u00abcon todas las instituciones para el desarrollo de la provincia\u00bb &nbsp; &nbsp; Se desarroll\u00f3 la jornada \u201cLa pol\u00edtica y los entrerrianos de cara al 2024\u2033 donde los precandidatos a gobernador de Entre R\u00edos, expusieron sus propuestas de gobierno ante empresarios, productores y representantes de m\u00e1s de 100 instituciones entrerrianas, las cuales confeccionaron un documento y lo entregaron a cada uno de los postulantes&#8230;.<\/p>\n","protected":false},"author":3,"featured_media":104074,"comment_status":"closed","ping_status":"closed","sticky":false,"template":"","format":"standard","meta":[],"categories":[15],"tags":[],"_links":{"self":[{"href":"https:\/\/www.actualidadadiario.com\/index.php\/wp-json\/wp\/v2\/posts\/104073"}],"collection":[{"href":"https:\/\/www.actualidadadiario.com\/index.php\/wp-json\/wp\/v2\/posts"}],"about":[{"href":"https:\/\/www.actualidadadiario.com\/index.php\/wp-json\/wp\/v2\/types\/post"}],"author":[{"embeddable":true,"href":"https:\/\/www.actualidadadiario.com\/index.php\/wp-json\/wp\/v2\/users\/3"}],"replies":[{"embeddable":true,"href":"https:\/\/www.actualidadadiario.com\/index.php\/wp-json\/wp\/v2\/comments?post=104073"}],"version-history":[{"count":1,"href":"https:\/\/www.actualidadadiario.com\/index.php\/wp-json\/wp\/v2\/posts\/104073\/revisions"}],"predecessor-version":[{"id":104075,"href":"https:\/\/www.actualidadadiario.com\/index.php\/wp-json\/wp\/v2\/posts\/104073\/revisions\/104075"}],"wp:featuredmedia":[{"embeddable":true,"href":"https:\/\/www.actualidadadiario.com\/index.php\/wp-json\/wp\/v2\/media\/104074"}],"wp:attachment":[{"href":"https:\/\/www.actualidadadiario.com\/index.php\/wp-json\/wp\/v2\/media?parent=104073"}],"wp:term":[{"taxonomy":"category","embeddable":true,"href":"https:\/\/www.actualidadadiario.com\/index.php\/wp-json\/wp\/v2\/categories?post=104073"},{"taxonomy":"post_tag","embeddable":true,"href":"https:\/\/www.actualidadadiario.com\/index.php\/wp-json\/wp\/v2\/tags?post=104073"}],"curies":[{"name":"wp","href":"https:\/\/api.w.org\/{rel}","templated":true}]}}