{"id":104071,"date":"2023-07-01T16:14:51","date_gmt":"2023-07-01T19:14:51","guid":{"rendered":"https:\/\/www.actualidadadiario.com\/?p=104071"},"modified":"2023-07-01T16:14:51","modified_gmt":"2023-07-01T19:14:51","slug":"gripe-aviar-las-zonas-afectadas-en-entre-rios-ya-fueron-liberadas","status":"publish","type":"post","link":"https:\/\/www.actualidadadiario.com\/index.php\/2023\/07\/01\/gripe-aviar-las-zonas-afectadas-en-entre-rios-ya-fueron-liberadas\/","title":{"rendered":"Gripe aviar: las zonas afectadas en Entre R\u00edos ya fueron liberadas"},"content":{"rendered":"<p style=\"text-align: center;\"><em><strong>El presidente de la Asociaci\u00f3n Civil \u201cCrespo, capital nacional de la avicultura\u201d, confirm\u00f3 que se levant\u00f3 la veda en las granjas afectadas y est\u00e1n \u201cen condiciones normales y con todas las medidas de seguridad\u00bb<\/strong><\/em><\/p>\n<p>&nbsp;<\/p>\n<p>&nbsp;<\/p>\n<p>Este viernes se conoci\u00f3 la Resoluci\u00f3n 270\/2023 de la Secretar\u00eda de Agricultura, Ganader\u00eda y Pesca de la Naci\u00f3n, que da a conocer la aprobaci\u00f3n de la primera n\u00f3mina de beneficiarios del Programa de Asistencia Econ\u00f3mica por la Emergencia Sanitaria \u2013 Influenza Aviar H5 y H7 por un monto de $2.204.320.600.<\/p>\n<p>Vale recordar que Entre R\u00edos fue una de las provincias donde se registraron casos de gripe aviar, m\u00e1s concretamente en la zona de General Racedo, la cual, tras haber cumplido con el plazo de veda, qued\u00f3 nuevamente liberada.<\/p>\n<p>As\u00ed lo confirm\u00f3 Luis Niderhaus, presidente de la Asociaci\u00f3n Civil \u201cCrespo, capital nacional de la avicultura\u201d, quien mencion\u00f3: \u201cHoy se termina toda la zona vedada porque despu\u00e9s de las desinfecciones y sacrificios se debe esperar 28 d\u00edas hasta que se libera la zona. Y a partir de hoy se liber\u00f3 y estamos en condiciones normales con todas las medidas de seguridad pertinentes y al m\u00e1ximo\u201d.<\/p>\n<p>Las afectadas eran dos granjas de postura, pero en perifoco son 3 kil\u00f3metros y 10 kil\u00f3metros a la redonda, en los cuales se hizo un control continuo. \u201cEso hoy est\u00e1 liberado\u201d, remarc\u00f3.<\/p>\n<p>Sobre la asistencia econ\u00f3mica, Niderhaus expres\u00f3 que \u201cse hicieron todas las presentaciones y estamos a la espera de la aprobaci\u00f3n. Los recursos se van a transferir directamente a las cuentas del productor y tienen un monto por ave de acuerdo a las edades, tanto para pollas como posturas\u201d.<\/p>\n<p>Con el sacrificio de los animales, al productor \u201cse le termina la fuente de trabajo y es una p\u00e9rdida terrible porque no es solamente lo que pierde en el momento sino tambi\u00e9n los a\u00f1os que le cost\u00f3 llegar a eso, que por ah\u00ed la gente no lo tiene en cuenta\u201d, dijo finalmente el titular de la Asociaci\u00f3n Civil \u201cCrespo, capital nacional de la avicultura\u201d.<\/p>\n","protected":false},"excerpt":{"rendered":"<p>El presidente de la Asociaci\u00f3n Civil \u201cCrespo, capital nacional de la avicultura\u201d, confirm\u00f3 que se levant\u00f3 la veda en las granjas afectadas y est\u00e1n \u201cen condiciones normales y con todas las medidas de seguridad\u00bb &nbsp; &nbsp; Este viernes se conoci\u00f3 la Resoluci\u00f3n 270\/2023 de la Secretar\u00eda de Agricultura, Ganader\u00eda y Pesca de la Naci\u00f3n, que da a conocer la aprobaci\u00f3n de la primera n\u00f3mina de beneficiarios del Programa de Asistencia Econ\u00f3mica por la Emergencia Sanitaria \u2013 Influenza Aviar H5 y H7 por un monto de $2.204.320.600. Vale recordar que Entre&#8230;<\/p>\n","protected":false},"author":3,"featured_media":98489,"comment_status":"closed","ping_status":"closed","sticky":false,"template":"","format":"standard","meta":[],"categories":[15],"tags":[],"_links":{"self":[{"href":"https:\/\/www.actualidadadiario.com\/index.php\/wp-json\/wp\/v2\/posts\/104071"}],"collection":[{"href":"https:\/\/www.actualidadadiario.com\/index.php\/wp-json\/wp\/v2\/posts"}],"about":[{"href":"https:\/\/www.actualidadadiario.com\/index.php\/wp-json\/wp\/v2\/types\/post"}],"author":[{"embeddable":true,"href":"https:\/\/www.actualidadadiario.com\/index.php\/wp-json\/wp\/v2\/users\/3"}],"replies":[{"embeddable":true,"href":"https:\/\/www.actualidadadiario.com\/index.php\/wp-json\/wp\/v2\/comments?post=104071"}],"version-history":[{"count":1,"href":"https:\/\/www.actualidadadiario.com\/index.php\/wp-json\/wp\/v2\/posts\/104071\/revisions"}],"predecessor-version":[{"id":104072,"href":"https:\/\/www.actualidadadiario.com\/index.php\/wp-json\/wp\/v2\/posts\/104071\/revisions\/104072"}],"wp:featuredmedia":[{"embeddable":true,"href":"https:\/\/www.actualidadadiario.com\/index.php\/wp-json\/wp\/v2\/media\/98489"}],"wp:attachment":[{"href":"https:\/\/www.actualidadadiario.com\/index.php\/wp-json\/wp\/v2\/media?parent=104071"}],"wp:term":[{"taxonomy":"category","embeddable":true,"href":"https:\/\/www.actualidadadiario.com\/index.php\/wp-json\/wp\/v2\/categories?post=104071"},{"taxonomy":"post_tag","embeddable":true,"href":"https:\/\/www.actualidadadiario.com\/index.php\/wp-json\/wp\/v2\/tags?post=104071"}],"curies":[{"name":"wp","href":"https:\/\/api.w.org\/{rel}","templated":true}]}}