{"id":104061,"date":"2023-06-30T15:04:56","date_gmt":"2023-06-30T18:04:56","guid":{"rendered":"https:\/\/www.actualidadadiario.com\/?p=104061"},"modified":"2023-06-30T15:04:56","modified_gmt":"2023-06-30T18:04:56","slug":"el-supremo-tribunal-de-justicia-de-brasil-ratifico-la-inhabilitacion-a-jair-bolsonaro-por-ocho-anos","status":"publish","type":"post","link":"https:\/\/www.actualidadadiario.com\/index.php\/2023\/06\/30\/el-supremo-tribunal-de-justicia-de-brasil-ratifico-la-inhabilitacion-a-jair-bolsonaro-por-ocho-anos\/","title":{"rendered":"El Supremo Tribunal de Justicia de Brasil ratific\u00f3 la inhabilitaci\u00f3n a Jair Bolsonaro por ocho a\u00f1os"},"content":{"rendered":"<p style=\"text-align: center;\"><em><strong>La votaci\u00f3n de la m\u00e1xima corte del pa\u00eds confirm\u00f3 el fallo previo del magistrado Benedito Gon\u00e7alves, que consider\u00f3 que el ex mandatario us\u00f3 su posici\u00f3n de jefe de Estado \u201cpara degradar el ambiente electoral\u201d y fabricar \u201cteor\u00edas de la conspiraci\u00f3n\u201d con \u201cinformaciones falsas\u201d y \u201cmentiras atroces\u201d<\/strong><\/em><\/p>\n<p>&nbsp;<\/p>\n<p>&nbsp;<\/p>\n<p>El ex mandatario brasile\u00f1o Jair Bolsonaro (2019-2022) fue despojado este viernes de sus derechos pol\u00edticos por la Justicia electoral, que lo declar\u00f3 culpable de \u201cabusos de poder\u201d durante la campa\u00f1a que el a\u00f1o pasado llev\u00f3 a la Presidencia al progresista Luiz In\u00e1cio Lula da Silva.<\/p>\n<p>Con esta decisi\u00f3n, adoptada por cinco votos frente a dos en el Tribunal Superior Electoral (TSE), el l\u00edder de la ultraderecha, de 68 a\u00f1os, no podr\u00e1 concurrir a cargos electivos ni ejercer puestos en la administraci\u00f3n p\u00fablica durante un plazo de ocho a\u00f1os, contados a partir de octubre de 2022, cuando se celebraron los comicios ganados por Lula.<\/p>\n<p>El \u00faltimo voto fue proferido por el presidente del TSE, el juez Alexandre de Moraes, quien fue objeto de virulentos y permanentes ataques del bolsonarismo antes y durante la campa\u00f1a electoral, en la que fue acusado, sin prueba alguna, de \u201cmaniobrar\u201d para \u201cfavorecer\u201d a Lula.<\/p>\n<p>Seg\u00fan De Moraes, la sentencia es una respuesta al \u201cdegradante populismo nacido en los discursos de odio y antidemocr\u00e1ticos, que propagan una asquerosa desinformaci\u00f3n\u201d no s\u00f3lo en Brasil, sino en \u201ctodo el mundo\u201d, con el \u201c\u00fanico objetivo\u201d de \u201cenga\u00f1ar\u201d a los electores.<\/p>\n<p>Cinco de los siete miembros del TSE respaldaron la posici\u00f3n del relator del proceso, Benedito Gon\u00e7alves, quien consider\u00f3 a Bolsonaro culpable de \u201cabusos de poder\u201d durante la campa\u00f1a para las elecciones de octubre del a\u00f1o pasado.<\/p>\n<p>La acusaci\u00f3n tuvo como eje una reuni\u00f3n que Bolsonaro convoc\u00f3 con medio centenar de embajadores extranjeros en la residencia oficial de la Presidencia, el 18 de julio de 2022, para volver a descalificar la transparencia del sistema electoral y la propia democracia.<\/p>\n<p>Ese hecho, seg\u00fan dice la sentencia, configur\u00f3 un \u201cabuso de poder pol\u00edtico, conductas vedadas y desorden informativo\u201d y tambi\u00e9n un \u201cuso indebido de predios p\u00fablicos y medios de comunicaci\u00f3n\u201d, pues Bolsonaro orden\u00f3 que la televisi\u00f3n p\u00fablica transmitiera el evento.<\/p>\n<p>Las consideraciones de la mayor\u00eda de los jueces fueron incluso m\u00e1s all\u00e1 y enmarcaron esa reuni\u00f3n en una \u201csistem\u00e1tica campa\u00f1a de desinformaci\u00f3n\u201d que Bolsonaro mantuvo contra la Justicia electoral y todas las instituciones democr\u00e1ticas del pa\u00eds.<\/p>\n<p>\u201cNo eran opiniones personales\u201d, como sostuvo la defensa, dijo el juez De Moraes, quien enfatiz\u00f3 que se trat\u00f3 de \u201cmentiras permanentes y fraudulentas\u201d que apuntaban a \u201csubvertir y pervertir\u201d el proceso electoral y con eso, \u201ca la propia democracia\u201d.<\/p>\n<p>Agreg\u00f3 que \u201clibertad de expresi\u00f3n\u201d no es \u201clibertad de agresi\u00f3n\u201d, de \u201cmentira\u201d, de \u201cdesinformaci\u00f3n\u201d y de \u201cfraude\u201d, ni una herramienta para que \u201cl\u00edderes populistas y extremistas conquisten al elector\u201d con \u201cdiscursos de odio y antidemocr\u00e1ticos\u201d difundidos en las redes sociales \u201ccon un barniz falso de veracidad\u201d.<\/p>\n<p>Esa campa\u00f1a incluy\u00f3 sembrar dudas sobre el sistema de votaci\u00f3n electr\u00f3nica que Brasil utiliza desde 1996 sin que desde entonces se haya comprobado un solo fraude, e insultos de todo calibre lanzados durante meses contra el TSE, sobre el cual Bolsonaro dijo una y otra vez que hab\u00eda decidido \u201cconvertir a Lula en presidente\u201d.<\/p>\n<p>El discurso de Bolsonaro, seg\u00fan dijeron algunos jueces, hasta pudo incitar el asalto a las sedes de los tres poderes del pasado 8 de enero, cuando una horda de bolsonaristas sembr\u00f3 el caos con la intenci\u00f3n de llevar a las Fuerzas Armadas a derrocar a Lula.<\/p>\n<p>De hecho, el expresidente todav\u00eda responde ante la Justicia en una decena de causas, una de las cuales, que tramita en la Corte Suprema, lo tiene como \u201csospechoso\u201d de haber alentado ese fracasada intentona golpista.<\/p>\n","protected":false},"excerpt":{"rendered":"<p>La votaci\u00f3n de la m\u00e1xima corte del pa\u00eds confirm\u00f3 el fallo previo del magistrado Benedito Gon\u00e7alves, que consider\u00f3 que el ex mandatario us\u00f3 su posici\u00f3n de jefe de Estado \u201cpara degradar el ambiente electoral\u201d y fabricar \u201cteor\u00edas de la conspiraci\u00f3n\u201d con \u201cinformaciones falsas\u201d y \u201cmentiras atroces\u201d &nbsp; &nbsp; El ex mandatario brasile\u00f1o Jair Bolsonaro (2019-2022) fue despojado este viernes de sus derechos pol\u00edticos por la Justicia electoral, que lo declar\u00f3 culpable de \u201cabusos de poder\u201d durante la campa\u00f1a que el a\u00f1o pasado llev\u00f3 a la Presidencia al progresista Luiz In\u00e1cio&#8230;<\/p>\n","protected":false},"author":3,"featured_media":104062,"comment_status":"closed","ping_status":"closed","sticky":false,"template":"","format":"standard","meta":[],"categories":[4],"tags":[],"_links":{"self":[{"href":"https:\/\/www.actualidadadiario.com\/index.php\/wp-json\/wp\/v2\/posts\/104061"}],"collection":[{"href":"https:\/\/www.actualidadadiario.com\/index.php\/wp-json\/wp\/v2\/posts"}],"about":[{"href":"https:\/\/www.actualidadadiario.com\/index.php\/wp-json\/wp\/v2\/types\/post"}],"author":[{"embeddable":true,"href":"https:\/\/www.actualidadadiario.com\/index.php\/wp-json\/wp\/v2\/users\/3"}],"replies":[{"embeddable":true,"href":"https:\/\/www.actualidadadiario.com\/index.php\/wp-json\/wp\/v2\/comments?post=104061"}],"version-history":[{"count":1,"href":"https:\/\/www.actualidadadiario.com\/index.php\/wp-json\/wp\/v2\/posts\/104061\/revisions"}],"predecessor-version":[{"id":104063,"href":"https:\/\/www.actualidadadiario.com\/index.php\/wp-json\/wp\/v2\/posts\/104061\/revisions\/104063"}],"wp:featuredmedia":[{"embeddable":true,"href":"https:\/\/www.actualidadadiario.com\/index.php\/wp-json\/wp\/v2\/media\/104062"}],"wp:attachment":[{"href":"https:\/\/www.actualidadadiario.com\/index.php\/wp-json\/wp\/v2\/media?parent=104061"}],"wp:term":[{"taxonomy":"category","embeddable":true,"href":"https:\/\/www.actualidadadiario.com\/index.php\/wp-json\/wp\/v2\/categories?post=104061"},{"taxonomy":"post_tag","embeddable":true,"href":"https:\/\/www.actualidadadiario.com\/index.php\/wp-json\/wp\/v2\/tags?post=104061"}],"curies":[{"name":"wp","href":"https:\/\/api.w.org\/{rel}","templated":true}]}}