{"id":104058,"date":"2023-06-30T15:04:10","date_gmt":"2023-06-30T18:04:10","guid":{"rendered":"https:\/\/www.actualidadadiario.com\/?p=104058"},"modified":"2023-06-30T15:04:10","modified_gmt":"2023-06-30T18:04:10","slug":"kiev-asegura-que-las-fuerzas-ucranianas-avanzan-en-su-contraofensiva","status":"publish","type":"post","link":"https:\/\/www.actualidadadiario.com\/index.php\/2023\/06\/30\/kiev-asegura-que-las-fuerzas-ucranianas-avanzan-en-su-contraofensiva\/","title":{"rendered":"Kiev asegura que las fuerzas ucranianas avanzan en su contraofensiva"},"content":{"rendered":"<p style=\"text-align: center;\"><em><strong>Rusia no ha reconocido los avances ucranianos y ha afirmado que los militares ucranianos est\u00e1n sufriendo numerosas bajas<\/strong><\/em><\/p>\n<p>&nbsp;<\/p>\n<p>&nbsp;<\/p>\n<p>Las tropas ucranianas est\u00e1n avanzando en todas las direcciones de su contraofensiva contra las fuerzas rusas de ocupaci\u00f3n. Desde el inicio de la contraofensiva este mes, Ucrania dice haber reafirmado el control sobre grupos de aldeas en el sureste, aunque Rusia a\u00fan mantiene franjas de territorio en el este, sur y sureste.<\/p>\n<p>\u00abSi hablamos de toda la l\u00ednea del frente, tanto en el este como en el sur, hemos tomado la iniciativa estrat\u00e9gica y estamos avanzando en todas las direcciones\u00bb, dijo la viceministra de Defensa, Hanna Maliar. La agencia Reuters no pudo verificar la situaci\u00f3n en el campo de batalla.<\/p>\n<p>Rusia no ha reconocido los avances ucranianos y ha afirmado que los militares ucranianos est\u00e1n sufriendo numerosas bajas. Maliar explic\u00f3 que las tropas ucranianas se estaban moviendo \u00abcon confianza\u00bb en los flancos alrededor de la devastada ciudad oriental de Bajmut y que los principales combates se estaban produciendo en los alrededores de la ciudad.<\/p>\n<p>\u00abEn el sur, las fuerzas de Kiev se estaban moviendo con \u00e9xito desigual y principalmente nivelando la l\u00ednea del frente\u00bb, manifest\u00f3 la funcionaria. \u00abEn el sur, nos movemos con \u00e9xito variable. A veces hay d\u00edas en que es m\u00e1s de un kil\u00f3metro, a veces menos de un kil\u00f3metro, a veces hasta 2 kil\u00f3metros\u00bb, agreg\u00f3, replic\u00f3 Reuters.<\/p>\n<p>Se\u00f1al\u00f3 que la eficacia de la contraofensiva debe evaluarse por \u00abmuchas tareas militares diferentes\u00bb y no solo por los avances y la liberaci\u00f3n de asentamientos. \u00abPor lo tanto, todas estas tareas se est\u00e1n llevando a cabo y solo los militares pueden evaluar esto correctamente y con precisi\u00f3n. Y de acuerdo con su evaluaci\u00f3n, todo va seg\u00fan lo previsto\u00bb, dijo.<\/p>\n<p>El presidente ucraniano, Volod\u00edmir Zelenski, ha descrito la contraofensiva como m\u00e1s lenta de lo deseado. Pero ha se\u00f1alado que Kiev no se ver\u00eda presionada para acelerarla. Responsables ucranianos tambi\u00e9n han dicho que el \u00abevento principal\u00bb de la contraofensiva a\u00fan no ha comenzado.<\/p>\n","protected":false},"excerpt":{"rendered":"<p>Rusia no ha reconocido los avances ucranianos y ha afirmado que los militares ucranianos est\u00e1n sufriendo numerosas bajas &nbsp; &nbsp; Las tropas ucranianas est\u00e1n avanzando en todas las direcciones de su contraofensiva contra las fuerzas rusas de ocupaci\u00f3n. Desde el inicio de la contraofensiva este mes, Ucrania dice haber reafirmado el control sobre grupos de aldeas en el sureste, aunque Rusia a\u00fan mantiene franjas de territorio en el este, sur y sureste. \u00abSi hablamos de toda la l\u00ednea del frente, tanto en el este como en el sur, hemos tomado&#8230;<\/p>\n","protected":false},"author":3,"featured_media":104059,"comment_status":"closed","ping_status":"closed","sticky":false,"template":"","format":"standard","meta":[],"categories":[4],"tags":[],"_links":{"self":[{"href":"https:\/\/www.actualidadadiario.com\/index.php\/wp-json\/wp\/v2\/posts\/104058"}],"collection":[{"href":"https:\/\/www.actualidadadiario.com\/index.php\/wp-json\/wp\/v2\/posts"}],"about":[{"href":"https:\/\/www.actualidadadiario.com\/index.php\/wp-json\/wp\/v2\/types\/post"}],"author":[{"embeddable":true,"href":"https:\/\/www.actualidadadiario.com\/index.php\/wp-json\/wp\/v2\/users\/3"}],"replies":[{"embeddable":true,"href":"https:\/\/www.actualidadadiario.com\/index.php\/wp-json\/wp\/v2\/comments?post=104058"}],"version-history":[{"count":1,"href":"https:\/\/www.actualidadadiario.com\/index.php\/wp-json\/wp\/v2\/posts\/104058\/revisions"}],"predecessor-version":[{"id":104060,"href":"https:\/\/www.actualidadadiario.com\/index.php\/wp-json\/wp\/v2\/posts\/104058\/revisions\/104060"}],"wp:featuredmedia":[{"embeddable":true,"href":"https:\/\/www.actualidadadiario.com\/index.php\/wp-json\/wp\/v2\/media\/104059"}],"wp:attachment":[{"href":"https:\/\/www.actualidadadiario.com\/index.php\/wp-json\/wp\/v2\/media?parent=104058"}],"wp:term":[{"taxonomy":"category","embeddable":true,"href":"https:\/\/www.actualidadadiario.com\/index.php\/wp-json\/wp\/v2\/categories?post=104058"},{"taxonomy":"post_tag","embeddable":true,"href":"https:\/\/www.actualidadadiario.com\/index.php\/wp-json\/wp\/v2\/tags?post=104058"}],"curies":[{"name":"wp","href":"https:\/\/api.w.org\/{rel}","templated":true}]}}