{"id":104055,"date":"2023-06-30T15:03:26","date_gmt":"2023-06-30T18:03:26","guid":{"rendered":"https:\/\/www.actualidadadiario.com\/?p=104055"},"modified":"2023-06-30T15:03:26","modified_gmt":"2023-06-30T18:03:26","slug":"greta-thunberg-critico-en-kiev-la-respuesta-mundial-al-ecocidio-por-el-derrumbe-de-represa","status":"publish","type":"post","link":"https:\/\/www.actualidadadiario.com\/index.php\/2023\/06\/30\/greta-thunberg-critico-en-kiev-la-respuesta-mundial-al-ecocidio-por-el-derrumbe-de-represa\/","title":{"rendered":"Greta Thunberg critic\u00f3 en Kiev la respuesta mundial al &#8220;ecocidio&#8221; por el derrumbe de represa"},"content":{"rendered":"<p style=\"text-align: center;\"><em><strong>La activista clim\u00e1tica visit\u00f3 la capital de Ucrania para llamar la atenci\u00f3n sobre los da\u00f1os medioambientales causados por la guerra<\/strong><\/em><\/p>\n<p>&nbsp;<\/p>\n<p>&nbsp;<\/p>\n<p>La activista clim\u00e1tica sueca Greta Thunberg visit\u00f3 Kiev el jueves para llamar la atenci\u00f3n sobre los da\u00f1os medioambientales causados por la guerra en Ucrania y critic\u00f3 la respuesta mundial al derrumbe el 6 de junio de la gran presa hidroel\u00e9ctrica de Kajovka.<\/p>\n<p>Ucrania est\u00e1 investigando la explosi\u00f3n de la presa, que provoc\u00f3 inundaciones en el sur del pa\u00eds y en las zonas de la regi\u00f3n de Jers\u00f3n ocupadas por Rusia, como crimen de guerra y posible destrucci\u00f3n criminal del medio ambiente o &#8220;ecocidio&#8221;.<\/p>\n<p>Estim\u00f3 el costo de lo ocurrido en 1.200 millones de euros, mientras que Kiev y Rusia se culparon mutuamente de la destrucci\u00f3n de la presa.<\/p>\n<p>&#8220;No creo que la reacci\u00f3n mundial ante este ecocidio haya sido suficiente&#8221;, expres\u00f3 Thunberg, quien viajo a Kiev para asistir a la reuni\u00f3n inaugural de un nuevo grupo ecologista.<\/p>\n<p>All\u00ed enfatiz\u00f3: &#8220;Tenemos que levantar m\u00e1s la voz, tenemos que concienciar sobre lo que est\u00e1 ocurriendo&#8221;.<\/p>\n<p>Seg\u00fan Andriy Yermak, jefe del gabinete presidencial ucraniano y copresidente del grupo junto con la ex viceprimera ministra sueca Margot Wallstrom, la tarea del grupo consiste en evaluar los da\u00f1os causados al medio ambiente ucraniano y desarrollar mecanismos para exigir responsabilidades a Rusia.<\/p>\n<p>&nbsp;<\/p>\n<p><strong>La &#8220;v\u00edctima silenciosa&#8221;<\/strong><\/p>\n<p>El medio ambiente corre el riesgo de convertirse en la &#8220;v\u00edctima silenciosa de la guerra&#8221;, con cerca del 30% del territorio ucraniano contaminado con objetos explosivos y m\u00e1s de 2,4 millones de hect\u00e1reas de bosques da\u00f1ados, declar\u00f3 el fiscal general de Ucrania, Andriy Kostin, en un mensaje en Twitter con motivo de la reuni\u00f3n.<\/p>\n<p>&#8220;Pedimos que se intensifiquen los esfuerzos internacionales para investigar y enjuiciar los cr\u00edmenes de guerra de Rusia contra el medio ambiente y para garantizar que el agresor pague&#8221;, afirm\u00f3.<\/p>\n","protected":false},"excerpt":{"rendered":"<p>La activista clim\u00e1tica visit\u00f3 la capital de Ucrania para llamar la atenci\u00f3n sobre los da\u00f1os medioambientales causados por la guerra &nbsp; &nbsp; La activista clim\u00e1tica sueca Greta Thunberg visit\u00f3 Kiev el jueves para llamar la atenci\u00f3n sobre los da\u00f1os medioambientales causados por la guerra en Ucrania y critic\u00f3 la respuesta mundial al derrumbe el 6 de junio de la gran presa hidroel\u00e9ctrica de Kajovka. Ucrania est\u00e1 investigando la explosi\u00f3n de la presa, que provoc\u00f3 inundaciones en el sur del pa\u00eds y en las zonas de la regi\u00f3n de Jers\u00f3n ocupadas&#8230;<\/p>\n","protected":false},"author":3,"featured_media":104056,"comment_status":"closed","ping_status":"closed","sticky":false,"template":"","format":"standard","meta":[],"categories":[4],"tags":[],"_links":{"self":[{"href":"https:\/\/www.actualidadadiario.com\/index.php\/wp-json\/wp\/v2\/posts\/104055"}],"collection":[{"href":"https:\/\/www.actualidadadiario.com\/index.php\/wp-json\/wp\/v2\/posts"}],"about":[{"href":"https:\/\/www.actualidadadiario.com\/index.php\/wp-json\/wp\/v2\/types\/post"}],"author":[{"embeddable":true,"href":"https:\/\/www.actualidadadiario.com\/index.php\/wp-json\/wp\/v2\/users\/3"}],"replies":[{"embeddable":true,"href":"https:\/\/www.actualidadadiario.com\/index.php\/wp-json\/wp\/v2\/comments?post=104055"}],"version-history":[{"count":1,"href":"https:\/\/www.actualidadadiario.com\/index.php\/wp-json\/wp\/v2\/posts\/104055\/revisions"}],"predecessor-version":[{"id":104057,"href":"https:\/\/www.actualidadadiario.com\/index.php\/wp-json\/wp\/v2\/posts\/104055\/revisions\/104057"}],"wp:featuredmedia":[{"embeddable":true,"href":"https:\/\/www.actualidadadiario.com\/index.php\/wp-json\/wp\/v2\/media\/104056"}],"wp:attachment":[{"href":"https:\/\/www.actualidadadiario.com\/index.php\/wp-json\/wp\/v2\/media?parent=104055"}],"wp:term":[{"taxonomy":"category","embeddable":true,"href":"https:\/\/www.actualidadadiario.com\/index.php\/wp-json\/wp\/v2\/categories?post=104055"},{"taxonomy":"post_tag","embeddable":true,"href":"https:\/\/www.actualidadadiario.com\/index.php\/wp-json\/wp\/v2\/tags?post=104055"}],"curies":[{"name":"wp","href":"https:\/\/api.w.org\/{rel}","templated":true}]}}