{"id":104052,"date":"2023-06-30T15:02:40","date_gmt":"2023-06-30T18:02:40","guid":{"rendered":"https:\/\/www.actualidadadiario.com\/?p=104052"},"modified":"2023-06-30T15:02:40","modified_gmt":"2023-06-30T18:02:40","slug":"violencia-y-represion-en-paris-875-personas-detenidas-en-la-tercera-noche-de-protestas","status":"publish","type":"post","link":"https:\/\/www.actualidadadiario.com\/index.php\/2023\/06\/30\/violencia-y-represion-en-paris-875-personas-detenidas-en-la-tercera-noche-de-protestas\/","title":{"rendered":"Violencia y represi\u00f3n en Par\u00eds: 875 personas detenidas en la tercera noche de protestas"},"content":{"rendered":"<p style=\"text-align: center;\"><em><strong>La ONU pidi\u00f3 al gobierno franc\u00e9s que se ocupe de los &#8220;profundos&#8221; problemas de &#8220;racismo&#8221; en sus fuerzas de seguridad, tres d\u00edas despu\u00e9s del asesinato de un adolescente por el disparo de un polic\u00eda<\/strong><\/em><\/p>\n<p>&nbsp;<\/p>\n<p>&nbsp;<\/p>\n<p>Las fuerzas de seguridad en Francia detuvieron a 875 personas entre la noche del jueves y la madrugada de este viernes, en la tercera jornada de disturbios nocturnos por el asesinato de un adolescente baleado por un polic\u00eda, seg\u00fan un balance final de las autoridades.<\/p>\n<p>El Ministerio del Interior inform\u00f3 de la detenci\u00f3n de 875 personas, entre ellas 408 en Par\u00eds y sus suburbios, el ataque a 492 edificios, la quema de 2.000 veh\u00edculos y 3.880 incendios en las calles durante la pasada noche.<\/p>\n<p>El ministro del \u00e1rea, G\u00e9rald Darmanin, hab\u00eda ofrecido un primer balance de 667 detenidos y 249 polic\u00edas y gendarmes heridos, ninguno de ellos de gravedad.<\/p>\n<p>Durante la primera movilizaci\u00f3n, el \u00faltimo martes, la madre del joven muerto dijo en Nanterre, donde ocurri\u00f3 el caso de gatillo f\u00e1cil: \u201cEl mundo entero debe ver esto\u2026 Cuando marchamos por Nahel, marchamos por todos los que no han tenido c\u00e1mara\u201d.<\/p>\n<p>Durante la noche grupos de manifestantes da\u00f1aron edificios p\u00fablicos, saquearon tiendas y quemaron veh\u00edculos en numerosas ciudades de Francia, sobre todo en la periferia de Par\u00eds.<\/p>\n<p>El regulador del transporte p\u00fablico en la regi\u00f3n parisina IDFM anunci\u00f3 la suspensi\u00f3n hasta nueva orden del servicio p\u00fablico de autobuses y tranv\u00edas durante la noche a partir de las 21, como ya hizo la v\u00edspera.<\/p>\n<p>Por segundo d\u00eda consecutivo, el presidente Emmanuel Macron encabeza este viernes una reuni\u00f3n interministerial de crisis.<\/p>\n<p>Por su parte, la ONU pidi\u00f3 a Francia ocuparse seriamente de los \u00abprofundos\u00bb problemas de \u00abracismo\u00bb en sus fuerzas de seguridad, tres d\u00edas despu\u00e9s del asesinato de un adolescente por el disparo de un polic\u00eda.<\/p>\n<p>\u00abEs el momento de que el pa\u00eds aborde seriamente los profundos problemas de racismo y discriminaci\u00f3n racial entre las fuerzas de seguridad\u00bb, declar\u00f3 Ravina Shamdasani, portavoz de la Oficina del Alto Comisionado de las Naciones Unidas para los Derechos Humanos, durante una conferencia de prensa peri\u00f3dica de la ONU en Ginebra.<\/p>\n<p>Tras tres noches de altercados, \u00abinstamos a las autoridades a garantizar que el recurso a la fuerza por parte de la polic\u00eda contra los elementos violentos en las manifestaciones siga respetando los principios de legalidad, necesidad, proporcionalidad, no discriminaci\u00f3n, precauci\u00f3n y responsabilidad\u00bb, se\u00f1al\u00f3 la portavoz.<\/p>\n<p>Shamdasani tambi\u00e9n expres\u00f3 su preocupaci\u00f3n por el estallido de violencia causado por la muerte del adolescente. \u00abComprendemos que ha habido muchos saqueos y violencia por parte de ciertos elementos que utilizan las manifestaciones para esos fines, y que ha habido un gran n\u00famero de polic\u00edas que resultaron heridos\u00bb, a\u00f1adi\u00f3.<\/p>\n<p>La violencia estall\u00f3 el martes en las afueras de Par\u00eds y se extendi\u00f3 a otras partes de Francia despu\u00e9s de la muerte de Nahel, de 17 a\u00f1os, por un disparo a quemarropa de un agente en un control vial que qued\u00f3 registrado en video.<\/p>\n<p>El agente, de 38 a\u00f1os, fue puesto en prisi\u00f3n preventiva acusado de homicidio voluntario.<\/p>\n<p>&nbsp;<\/p>\n<p><strong>La responsabilidad policial<\/strong><\/p>\n<p>Este jueves la Fiscal\u00eda de Nanterre, localidad francesa lindante a Par\u00eds, determin\u00f3 que el polic\u00eda que mat\u00f3 al joven repartidor de 17 a\u00f1os debe seguir en prisi\u00f3n preventiva. El fiscal Pascal Prache concluy\u00f3 que no se cumplieron las condiciones legales para el uso del arma.<\/p>\n<p>En una primera instancia, el abogado del agente, Laurent-Franck Li\u00e9nard, escribi\u00f3 en Facebook que su cliente termin\u00f3 en la \u00abc\u00e1rcel por efectuar un disparo que cre\u00eda necesario, con el arma que le hab\u00eda entregado el Estado para garantizar su seguridad y la de sus conciudadanos\u00bb, pero despu\u00e9s revel\u00f3 que su defendido le hab\u00eda pedido perd\u00f3n a la familia del joven.<\/p>\n<p>Repartidor, de 17 a\u00f1os, Nahel fue baleado luego de resistirse a un control policial. El agente adujo que quer\u00eda \u00abevitar una nueva fuga del veh\u00edculo\u00bb y asegur\u00f3 que si desenfund\u00f3 el arma y le apunt\u00f3 directamente fue para evitar que volviese a arrancar, aunque el joven igual lo hizo.<\/p>\n<p>Fue en ese momento cuando efectu\u00f3 el disparo, que seg\u00fan el fiscal atraves\u00f3 un brazo y el t\u00f3rax de Nahel, que finalmente termin\u00f3 estrell\u00e1ndose, seg\u00fan se puede ver en un video que r\u00e1pidamente se viraliz\u00f3 en internet.<\/p>\n","protected":false},"excerpt":{"rendered":"<p>La ONU pidi\u00f3 al gobierno franc\u00e9s que se ocupe de los &#8220;profundos&#8221; problemas de &#8220;racismo&#8221; en sus fuerzas de seguridad, tres d\u00edas despu\u00e9s del asesinato de un adolescente por el disparo de un polic\u00eda &nbsp; &nbsp; Las fuerzas de seguridad en Francia detuvieron a 875 personas entre la noche del jueves y la madrugada de este viernes, en la tercera jornada de disturbios nocturnos por el asesinato de un adolescente baleado por un polic\u00eda, seg\u00fan un balance final de las autoridades. El Ministerio del Interior inform\u00f3 de la detenci\u00f3n de&#8230;<\/p>\n","protected":false},"author":3,"featured_media":104053,"comment_status":"closed","ping_status":"closed","sticky":false,"template":"","format":"standard","meta":[],"categories":[4],"tags":[],"_links":{"self":[{"href":"https:\/\/www.actualidadadiario.com\/index.php\/wp-json\/wp\/v2\/posts\/104052"}],"collection":[{"href":"https:\/\/www.actualidadadiario.com\/index.php\/wp-json\/wp\/v2\/posts"}],"about":[{"href":"https:\/\/www.actualidadadiario.com\/index.php\/wp-json\/wp\/v2\/types\/post"}],"author":[{"embeddable":true,"href":"https:\/\/www.actualidadadiario.com\/index.php\/wp-json\/wp\/v2\/users\/3"}],"replies":[{"embeddable":true,"href":"https:\/\/www.actualidadadiario.com\/index.php\/wp-json\/wp\/v2\/comments?post=104052"}],"version-history":[{"count":1,"href":"https:\/\/www.actualidadadiario.com\/index.php\/wp-json\/wp\/v2\/posts\/104052\/revisions"}],"predecessor-version":[{"id":104054,"href":"https:\/\/www.actualidadadiario.com\/index.php\/wp-json\/wp\/v2\/posts\/104052\/revisions\/104054"}],"wp:featuredmedia":[{"embeddable":true,"href":"https:\/\/www.actualidadadiario.com\/index.php\/wp-json\/wp\/v2\/media\/104053"}],"wp:attachment":[{"href":"https:\/\/www.actualidadadiario.com\/index.php\/wp-json\/wp\/v2\/media?parent=104052"}],"wp:term":[{"taxonomy":"category","embeddable":true,"href":"https:\/\/www.actualidadadiario.com\/index.php\/wp-json\/wp\/v2\/categories?post=104052"},{"taxonomy":"post_tag","embeddable":true,"href":"https:\/\/www.actualidadadiario.com\/index.php\/wp-json\/wp\/v2\/tags?post=104052"}],"curies":[{"name":"wp","href":"https:\/\/api.w.org\/{rel}","templated":true}]}}