{"id":104046,"date":"2023-06-30T14:51:28","date_gmt":"2023-06-30T17:51:28","guid":{"rendered":"https:\/\/www.actualidadadiario.com\/?p=104046"},"modified":"2023-06-30T14:51:28","modified_gmt":"2023-06-30T17:51:28","slug":"alberto-fernandez-recibio-a-daniel-scioli-tras-la-tension-por-el-cierre-de-listas","status":"publish","type":"post","link":"https:\/\/www.actualidadadiario.com\/index.php\/2023\/06\/30\/alberto-fernandez-recibio-a-daniel-scioli-tras-la-tension-por-el-cierre-de-listas\/","title":{"rendered":"Alberto Fern\u00e1ndez recibi\u00f3 a Daniel Scioli tras la tensi\u00f3n por el cierre de listas"},"content":{"rendered":"<p style=\"text-align: center;\"><em><strong>El Presidente y el embajador argentino en Brasil buscan dar por concluida la pol\u00e9mica que se gener\u00f3 en el cierre de listas y que dej\u00f3 al ex gobernador bonaerense fuera de competencia<\/strong><\/em><\/p>\n<p>&nbsp;<\/p>\n<p>&nbsp;<\/p>\n<p>El presidente Alberto Fern\u00e1ndez se reun\u00eda este mediod\u00eda con el embajador argentino en Brasil, Daniel Scioli, luego de que el ex gobernador bonaerense viera frustradas sus intenciones de competir en las PASO de Uni\u00f3n por la Patria.<\/p>\n<p>El ex motonauta arrib\u00f3 a la Casa Rosada cerca de las 12:30 para mantener un encuentro con el mandatario, y seg\u00fan supo la agencia Noticias Argentinas de fuentes oficiales el intercambio tuvo como eje la relaci\u00f3n bilateral con Brasil, el temario que concierne al Mercosur -camino a la Cumbre de Jefes de Estado del bloque-, y dedicaron parte del temario a la pol\u00edtica nacional tras la oficializaci\u00f3n de la f\u00f3rmula presidencial que dej\u00f3 al embajador fuera de competencia.<\/p>\n<p>La reuni\u00f3n, que dur\u00f3 alrededor de 40 minutos, completa una seguidilla que mantuvo Scioli en los \u00faltimos d\u00edas, tras haberse quedado fuera de la carrera por la Presidencia en un complejo cierre de listas para el oficialismo.<\/p>\n<p>El pasado mi\u00e9rcoles hab\u00eda sido recibido por la vicepresidenta, Cristina Kirchner, en el Senado; y el jueves fue el turno de verse con el ministro de Econom\u00eda y precandidato presidencial de Uni\u00f3n por la Patria, Sergio Massa, en el Palacio de Hacienda.<\/p>\n<p>Adem\u00e1s, a comienzos de semana ya hab\u00eda compartido una serie de actividades en Brasil con el jefe de Estado, en el marco de su visita al gigante sudamericano para celebrar el bicentenario de la relaci\u00f3n diplom\u00e1tica.<\/p>\n<p>Al t\u00e9rmino del encuentro que tuvo lugar en los despachos de Casa Rosada, el mandatario hizo p\u00fablicos algunos detalles a trav\u00e9s de sus redes sociales. &#8220;Hablamos con Daniel Scioli sobre la necesidad de construir unidos el futuro&#8221;, remarc\u00f3 en sinton\u00eda al pedido dirigido a sus ministros en la reuni\u00f3n de Gabinete que encabez\u00f3 el mi\u00e9rcoles.<\/p>\n<p>&#8220;Su compromiso institucional es muy claro, debemos aprovechar todo su conocimiento y su capital pol\u00edtico. Nos une una amistad de m\u00e1s de 20 a\u00f1os y la b\u00fasqueda de una sociedad m\u00e1s justa y democr\u00e1tica&#8221;, destac\u00f3 el Presidente luego de que la Vicepresidenta lo acusara de utilizar la precandidatura del embajador para negociar cargos.<\/p>\n<p>Se trata del segundo encuentro entre Scioli y Fern\u00e1ndez dado que, el lunes, camino a Brasilia, pudieron intercambiar algunos pareceres en el nuevo avi\u00f3n presidencial que dej\u00f3 la primera postal de unidad luego de un fin de semana convulsionado y marcado por tensiones.<\/p>\n<p>A pesar de sus frustradas aspiraciones presidenciales, el exgobernador se mueve en sinton\u00eda a la campa\u00f1a. Previo a su llegada a Casa Rosada, comparti\u00f3 acto en el Centro Cultural Kirchner (CCK) junto al titular del Palacio de Hacienda, Sergio Massa, a quien elogi\u00f3.<\/p>\n<p>&#8220;Amigo ministro de Econom\u00eda, candidato a presidente Sergio Massa, un reconocimiento por poner en el centro del debate que se viene un ejemplo emblem\u00e1tico, el rol de Aerol\u00edneas Argentinas y su impacto positivo&#8221;, fue el halago que le dedic\u00f3 Scioli a Massa en el marco del lanzamiento de la temporada alta de Invierno 2023.<\/p>\n<p>A su parte, el Presidente contin\u00faa su agenda en el interior donde entregar\u00e1, esta tarde, la vivienda 115 mil en la ciudad de Santa Fe, junto al jefe de Gabinete y precandidato a vicepresidente, Agust\u00edn Rossi.<\/p>\n","protected":false},"excerpt":{"rendered":"<p>El Presidente y el embajador argentino en Brasil buscan dar por concluida la pol\u00e9mica que se gener\u00f3 en el cierre de listas y que dej\u00f3 al ex gobernador bonaerense fuera de competencia &nbsp; &nbsp; El presidente Alberto Fern\u00e1ndez se reun\u00eda este mediod\u00eda con el embajador argentino en Brasil, Daniel Scioli, luego de que el ex gobernador bonaerense viera frustradas sus intenciones de competir en las PASO de Uni\u00f3n por la Patria. El ex motonauta arrib\u00f3 a la Casa Rosada cerca de las 12:30 para mantener un encuentro con el mandatario,&#8230;<\/p>\n","protected":false},"author":3,"featured_media":104047,"comment_status":"closed","ping_status":"closed","sticky":false,"template":"","format":"standard","meta":[],"categories":[18],"tags":[],"_links":{"self":[{"href":"https:\/\/www.actualidadadiario.com\/index.php\/wp-json\/wp\/v2\/posts\/104046"}],"collection":[{"href":"https:\/\/www.actualidadadiario.com\/index.php\/wp-json\/wp\/v2\/posts"}],"about":[{"href":"https:\/\/www.actualidadadiario.com\/index.php\/wp-json\/wp\/v2\/types\/post"}],"author":[{"embeddable":true,"href":"https:\/\/www.actualidadadiario.com\/index.php\/wp-json\/wp\/v2\/users\/3"}],"replies":[{"embeddable":true,"href":"https:\/\/www.actualidadadiario.com\/index.php\/wp-json\/wp\/v2\/comments?post=104046"}],"version-history":[{"count":1,"href":"https:\/\/www.actualidadadiario.com\/index.php\/wp-json\/wp\/v2\/posts\/104046\/revisions"}],"predecessor-version":[{"id":104048,"href":"https:\/\/www.actualidadadiario.com\/index.php\/wp-json\/wp\/v2\/posts\/104046\/revisions\/104048"}],"wp:featuredmedia":[{"embeddable":true,"href":"https:\/\/www.actualidadadiario.com\/index.php\/wp-json\/wp\/v2\/media\/104047"}],"wp:attachment":[{"href":"https:\/\/www.actualidadadiario.com\/index.php\/wp-json\/wp\/v2\/media?parent=104046"}],"wp:term":[{"taxonomy":"category","embeddable":true,"href":"https:\/\/www.actualidadadiario.com\/index.php\/wp-json\/wp\/v2\/categories?post=104046"},{"taxonomy":"post_tag","embeddable":true,"href":"https:\/\/www.actualidadadiario.com\/index.php\/wp-json\/wp\/v2\/tags?post=104046"}],"curies":[{"name":"wp","href":"https:\/\/api.w.org\/{rel}","templated":true}]}}