{"id":104032,"date":"2023-06-30T14:05:11","date_gmt":"2023-06-30T17:05:11","guid":{"rendered":"https:\/\/www.actualidadadiario.com\/?p=104032"},"modified":"2023-06-30T14:05:11","modified_gmt":"2023-06-30T17:05:11","slug":"rodriguez-larreta-llegara-manana-a-entre-rios","status":"publish","type":"post","link":"https:\/\/www.actualidadadiario.com\/index.php\/2023\/06\/30\/rodriguez-larreta-llegara-manana-a-entre-rios\/","title":{"rendered":"Rodr\u00edguez Larreta llegar\u00e1 ma\u00f1ana a Entre R\u00edos"},"content":{"rendered":"<p style=\"text-align: center;\"><em><strong>El precandidato a presidente por Juntos por el Cambio, Horacio Rodr\u00edguez Larreta, visitar\u00e1 la capital provincial este s\u00e1bado, confirmaron fuentes partidarias. El precandidato a gobernador por el espacio, Rogelio Frigerio, lo acompa\u00f1ar\u00e1 durante la recorrida<\/strong><\/em><\/p>\n<p>&nbsp;<\/p>\n<p>&nbsp;<\/p>\n<p>El equipo del candidato a la primera magistratura nacional a\u00fan no tiene cerrada la agenda de actividades que realizar\u00e1 durante las horas que est\u00e9 en Paran\u00e1. Llegar\u00e1 a la capital entrerriana luego de realizar una recorrida por la zona norte de Santa Fe y en la capital de la vecina provincia.<\/p>\n","protected":false},"excerpt":{"rendered":"<p>El precandidato a presidente por Juntos por el Cambio, Horacio Rodr\u00edguez Larreta, visitar\u00e1 la capital provincial este s\u00e1bado, confirmaron fuentes partidarias. El precandidato a gobernador por el espacio, Rogelio Frigerio, lo acompa\u00f1ar\u00e1 durante la recorrida &nbsp; &nbsp; El equipo del candidato a la primera magistratura nacional a\u00fan no tiene cerrada la agenda de actividades que realizar\u00e1 durante las horas que est\u00e9 en Paran\u00e1. Llegar\u00e1 a la capital entrerriana luego de realizar una recorrida por la zona norte de Santa Fe y en la capital de la vecina provincia.<\/p>\n","protected":false},"author":3,"featured_media":104033,"comment_status":"closed","ping_status":"closed","sticky":false,"template":"","format":"standard","meta":[],"categories":[15],"tags":[],"_links":{"self":[{"href":"https:\/\/www.actualidadadiario.com\/index.php\/wp-json\/wp\/v2\/posts\/104032"}],"collection":[{"href":"https:\/\/www.actualidadadiario.com\/index.php\/wp-json\/wp\/v2\/posts"}],"about":[{"href":"https:\/\/www.actualidadadiario.com\/index.php\/wp-json\/wp\/v2\/types\/post"}],"author":[{"embeddable":true,"href":"https:\/\/www.actualidadadiario.com\/index.php\/wp-json\/wp\/v2\/users\/3"}],"replies":[{"embeddable":true,"href":"https:\/\/www.actualidadadiario.com\/index.php\/wp-json\/wp\/v2\/comments?post=104032"}],"version-history":[{"count":1,"href":"https:\/\/www.actualidadadiario.com\/index.php\/wp-json\/wp\/v2\/posts\/104032\/revisions"}],"predecessor-version":[{"id":104034,"href":"https:\/\/www.actualidadadiario.com\/index.php\/wp-json\/wp\/v2\/posts\/104032\/revisions\/104034"}],"wp:featuredmedia":[{"embeddable":true,"href":"https:\/\/www.actualidadadiario.com\/index.php\/wp-json\/wp\/v2\/media\/104033"}],"wp:attachment":[{"href":"https:\/\/www.actualidadadiario.com\/index.php\/wp-json\/wp\/v2\/media?parent=104032"}],"wp:term":[{"taxonomy":"category","embeddable":true,"href":"https:\/\/www.actualidadadiario.com\/index.php\/wp-json\/wp\/v2\/categories?post=104032"},{"taxonomy":"post_tag","embeddable":true,"href":"https:\/\/www.actualidadadiario.com\/index.php\/wp-json\/wp\/v2\/tags?post=104032"}],"curies":[{"name":"wp","href":"https:\/\/api.w.org\/{rel}","templated":true}]}}