{"id":104025,"date":"2023-06-30T14:03:26","date_gmt":"2023-06-30T17:03:26","guid":{"rendered":"https:\/\/www.actualidadadiario.com\/?p=104025"},"modified":"2023-06-30T14:03:36","modified_gmt":"2023-06-30T17:03:36","slug":"la-provincia-reglamento-ley-sobre-el-delta","status":"publish","type":"post","link":"https:\/\/www.actualidadadiario.com\/index.php\/2023\/06\/30\/la-provincia-reglamento-ley-sobre-el-delta\/","title":{"rendered":"La Provincia reglament\u00f3 ley sobre el Delta"},"content":{"rendered":"<p style=\"text-align: center;\"><em><strong>El gobierno provincial public\u00f3 la reglamentaci\u00f3n de la Ley N\u00b0 10.671, sancionada en 2019, que declar\u00f3 a los Humedales e Islas de Victoria como \u00e1rea natural protegida bajo la modalidad de manejo de Reserva de Usos M\u00faltiples<\/strong><\/em><\/p>\n<p>&nbsp;<\/p>\n<p>&nbsp;<\/p>\n<p>Pese a que la ley fue aprobada hace casi cuatro a\u00f1os y desde entonces la zona atraves\u00f3 un drama hist\u00f3rica de incendios y quemas que arrasaron con unas 300.000 hect\u00e1reas, el detalle de las actividades permitidas y prohibidas en el Delta victoriense fue reglamentada en febrero y publicado esta semana en el Bolet\u00edn Oficial de la Provincia<\/p>\n<p>Se consideran Reservas de Usos M\u00faltiples a las zonas apropiadas por la producci\u00f3n maderera, h\u00eddrica, agr\u00edcola y ganadera sustentables a las que posean flora y fauna silvestre, aut\u00f3ctona y que constituyan formas de esparcimiento al aire libre. Estas formas de producci\u00f3n o esparcimiento se realizar\u00e1n con \u201cmetodolog\u00eda social y ambiental no destructivas ni degradativas\u201d de los ecosistemas con el fin de alcanzar el desarrollo econ\u00f3mico social \u201cde modo sostenido y sostenible\u201d<\/p>\n<p>Seg\u00fan el decreto gubernamental, las normas de ordenamiento resultan necesarias para prevenir situaciones irregulares como ocupaciones ilegales, incendios e intervenciones sobre el humedal de Victoria en la extensa superficie de 376.000 hect\u00e1reas que abarca esta \u00e1rea natural protegida.<\/p>\n<p>La Reserva pertenece al ejido del Municipio de Victoria, incorporado al Sistema Provincial de \u00c1reas Naturales Protegidas.<\/p>\n<p>&nbsp;<\/p>\n<p><strong>Actividades habilitadas<\/strong><\/p>\n<p>La reglamentaci\u00f3n establece que est\u00e1n permitidas actividades como: Conservaci\u00f3n de la biodiversidad; Investigaci\u00f3n; Educaci\u00f3n ambiental; Guarda y custodia; Turismo sostenible; Pesca sostenible; Apicultura; Producci\u00f3n pecuaria sostenible; Producci\u00f3n agroecol\u00f3gica a escala de unidad productiva familiar; Amarre fluvial de barcazas; Servicios de bretes y corrales; Actividades n\u00e1uticas; Servicios gastron\u00f3micos; Residencia permanente y\/o temporal; Producci\u00f3n y venta de artesan\u00edas y manufacturas locales con base en materias primas del lugar.<\/p>\n<p>La autoridad de aplicaci\u00f3n (la Secretar\u00eda de Ambiente de Entre R\u00edos) puede realizar o solicitar estudios para aprobar o rechazar un emprendimiento cuando lo considere necesario, aun trat\u00e1ndose de usos o actividades permitidas. Toda actividad que no est\u00e9 prevista o permitida debe contar con una autorizaci\u00f3n espec\u00edfica.<\/p>\n<p>&nbsp;<\/p>\n<p><strong>Acciones sujetas a permiso<\/strong><\/p>\n<p>Requerir\u00e1n autorizaci\u00f3n previa: la subdivisi\u00f3n de la tierra; la circulaci\u00f3n de veh\u00edculos terrestres motorizados; el almacenamiento de insumos, productos y subproductos; la producci\u00f3n y cr\u00eda de especies no pecuarias; los \u2018alteos\u2019 para ganado (nunca podr\u00e1n superar los 3.000 metros cuadrados); la extracci\u00f3n de arena; el dragado; el uso de fuego; los eventos masivos; y la caza de fauna silvestre.<\/p>\n<p>&nbsp;<\/p>\n<p><strong>Pr\u00e1cticas prohibidas<\/strong><\/p>\n<p>En tanto, queda prohibida en todo el \u00e1mbito de la Reserva, la construcci\u00f3n de terraplenes, polders, ataja repuntes, rellenos, aliviadores y \u201ccualquier tipo de obra o la introducci\u00f3n de cualquier elemento en el territorio que interrumpa el flujo natural de las aguas o propenda a acelerarlas y\/o retenerlas en donde naturalmente corren, o modifiquen su curso, cualquier sea el nivel hidrom\u00e9trico\u201d.<\/p>\n<p>Se proh\u00edbe a su vez la interrupci\u00f3n del libre tr\u00e1nsito por todos los cursos de agua de la zona y de paso peatonal por todas las costas de los mismos (la privatizaci\u00f3n del borde del r\u00edo); el acampe en los m\u00e1rgenes de cursos de agua; la agricultura industrial y la utilizaci\u00f3n de maquinaria; la producci\u00f3n animal intensiva y\/o confinada; el ingreso y uso de agroqu\u00edmicos; el uso del fuego para manejo de vegetaci\u00f3n y\/o residuo; la urbanizaci\u00f3n; la venta de combustible y su almacenamiento con fines de comercializaci\u00f3n; los establecimientos industriales; el dep\u00f3sito y disposici\u00f3n final de residuos; las actividades mineras, salvo la extracci\u00f3n de arenas (autorizada); el turismo de caza; la explotaci\u00f3n forestal.<\/p>\n<p>Las fuerzas de seguridad podr\u00e1n intervenir ante el incumplimiento de estas normas.<\/p>\n","protected":false},"excerpt":{"rendered":"<p>El gobierno provincial public\u00f3 la reglamentaci\u00f3n de la Ley N\u00b0 10.671, sancionada en 2019, que declar\u00f3 a los Humedales e Islas de Victoria como \u00e1rea natural protegida bajo la modalidad de manejo de Reserva de Usos M\u00faltiples &nbsp; &nbsp; Pese a que la ley fue aprobada hace casi cuatro a\u00f1os y desde entonces la zona atraves\u00f3 un drama hist\u00f3rica de incendios y quemas que arrasaron con unas 300.000 hect\u00e1reas, el detalle de las actividades permitidas y prohibidas en el Delta victoriense fue reglamentada en febrero y publicado esta semana en&#8230;<\/p>\n","protected":false},"author":3,"featured_media":104026,"comment_status":"closed","ping_status":"closed","sticky":false,"template":"","format":"standard","meta":[],"categories":[15],"tags":[],"_links":{"self":[{"href":"https:\/\/www.actualidadadiario.com\/index.php\/wp-json\/wp\/v2\/posts\/104025"}],"collection":[{"href":"https:\/\/www.actualidadadiario.com\/index.php\/wp-json\/wp\/v2\/posts"}],"about":[{"href":"https:\/\/www.actualidadadiario.com\/index.php\/wp-json\/wp\/v2\/types\/post"}],"author":[{"embeddable":true,"href":"https:\/\/www.actualidadadiario.com\/index.php\/wp-json\/wp\/v2\/users\/3"}],"replies":[{"embeddable":true,"href":"https:\/\/www.actualidadadiario.com\/index.php\/wp-json\/wp\/v2\/comments?post=104025"}],"version-history":[{"count":2,"href":"https:\/\/www.actualidadadiario.com\/index.php\/wp-json\/wp\/v2\/posts\/104025\/revisions"}],"predecessor-version":[{"id":104028,"href":"https:\/\/www.actualidadadiario.com\/index.php\/wp-json\/wp\/v2\/posts\/104025\/revisions\/104028"}],"wp:featuredmedia":[{"embeddable":true,"href":"https:\/\/www.actualidadadiario.com\/index.php\/wp-json\/wp\/v2\/media\/104026"}],"wp:attachment":[{"href":"https:\/\/www.actualidadadiario.com\/index.php\/wp-json\/wp\/v2\/media?parent=104025"}],"wp:term":[{"taxonomy":"category","embeddable":true,"href":"https:\/\/www.actualidadadiario.com\/index.php\/wp-json\/wp\/v2\/categories?post=104025"},{"taxonomy":"post_tag","embeddable":true,"href":"https:\/\/www.actualidadadiario.com\/index.php\/wp-json\/wp\/v2\/tags?post=104025"}],"curies":[{"name":"wp","href":"https:\/\/api.w.org\/{rel}","templated":true}]}}