{"id":104022,"date":"2023-06-30T14:02:28","date_gmt":"2023-06-30T17:02:28","guid":{"rendered":"https:\/\/www.actualidadadiario.com\/?p=104022"},"modified":"2023-06-30T14:02:28","modified_gmt":"2023-06-30T17:02:28","slug":"agmer-rechazo-la-propuesta-salarial-ofrecida-por-el-gobierno-para-el-segundo-semestre","status":"publish","type":"post","link":"https:\/\/www.actualidadadiario.com\/index.php\/2023\/06\/30\/agmer-rechazo-la-propuesta-salarial-ofrecida-por-el-gobierno-para-el-segundo-semestre\/","title":{"rendered":"Agmer rechaz\u00f3 la propuesta salarial ofrecida por el Gobierno para el segundo semestre"},"content":{"rendered":"<p style=\"text-align: center;\"><em><strong>Durante el Congreso Extraordinario realizado este jueves en Diamante, el gremio que representa a docentes entrerrianos resolvi\u00f3 no aceptar la oferta de incremento salarial ofrecida por el Gobierno para el segundo semestre. Exigen que la propuesta garantice que \u201clos salarios docentes est\u00e9n mes a mes por encima de la inflaci\u00f3n\u201d<\/strong><\/em><\/p>\n<p>&nbsp;<\/p>\n<p>&nbsp;<\/p>\n<p>La Asociaci\u00f3n Gremial del Magisterio de Entre R\u00edos realiz\u00f3 este jueves un congreso extraordinario en el que analiz\u00f3 y decidi\u00f3 rechazar la oferta de mejora salarial que el Gobierno hab\u00eda ofrecido para el segundo semestre de 2023.<\/p>\n<p>Vale recordar que la oferta contemplaba una recomposici\u00f3n trimestral: una vez conocida la inflaci\u00f3n de julio, agosto y septiembre, se abonar\u00e1 con los haberes de octubre, en noviembre; y conocida la inflaci\u00f3n de octubre, noviembre y diciembre, se abonar\u00e1 con los haberes de enero, en febrero.<\/p>\n<p>Seg\u00fan se inform\u00f3 a esta Agencia, el gremio consider\u00f3 necesaria una actualizaci\u00f3n de la base del c\u00e1lculo a junio de 2023 y exigi\u00f3 \u201cuna propuesta que garantice mecanismos para que todos los salarios docentes est\u00e9n mes a mes por encima de la inflaci\u00f3n\u201d.<\/p>\n<p>El Congreso realizado en Diamante, tambi\u00e9n solicit\u00f3 que se garantice que las y los docentes finalizar\u00e1n el segundo semestre con un incremento salarial de no menos de 7 puntos por encima de la inflaci\u00f3n.<\/p>\n","protected":false},"excerpt":{"rendered":"<p>Durante el Congreso Extraordinario realizado este jueves en Diamante, el gremio que representa a docentes entrerrianos resolvi\u00f3 no aceptar la oferta de incremento salarial ofrecida por el Gobierno para el segundo semestre. Exigen que la propuesta garantice que \u201clos salarios docentes est\u00e9n mes a mes por encima de la inflaci\u00f3n\u201d &nbsp; &nbsp; La Asociaci\u00f3n Gremial del Magisterio de Entre R\u00edos realiz\u00f3 este jueves un congreso extraordinario en el que analiz\u00f3 y decidi\u00f3 rechazar la oferta de mejora salarial que el Gobierno hab\u00eda ofrecido para el segundo semestre de 2023. Vale&#8230;<\/p>\n","protected":false},"author":3,"featured_media":104023,"comment_status":"closed","ping_status":"closed","sticky":false,"template":"","format":"standard","meta":[],"categories":[15],"tags":[],"_links":{"self":[{"href":"https:\/\/www.actualidadadiario.com\/index.php\/wp-json\/wp\/v2\/posts\/104022"}],"collection":[{"href":"https:\/\/www.actualidadadiario.com\/index.php\/wp-json\/wp\/v2\/posts"}],"about":[{"href":"https:\/\/www.actualidadadiario.com\/index.php\/wp-json\/wp\/v2\/types\/post"}],"author":[{"embeddable":true,"href":"https:\/\/www.actualidadadiario.com\/index.php\/wp-json\/wp\/v2\/users\/3"}],"replies":[{"embeddable":true,"href":"https:\/\/www.actualidadadiario.com\/index.php\/wp-json\/wp\/v2\/comments?post=104022"}],"version-history":[{"count":1,"href":"https:\/\/www.actualidadadiario.com\/index.php\/wp-json\/wp\/v2\/posts\/104022\/revisions"}],"predecessor-version":[{"id":104024,"href":"https:\/\/www.actualidadadiario.com\/index.php\/wp-json\/wp\/v2\/posts\/104022\/revisions\/104024"}],"wp:featuredmedia":[{"embeddable":true,"href":"https:\/\/www.actualidadadiario.com\/index.php\/wp-json\/wp\/v2\/media\/104023"}],"wp:attachment":[{"href":"https:\/\/www.actualidadadiario.com\/index.php\/wp-json\/wp\/v2\/media?parent=104022"}],"wp:term":[{"taxonomy":"category","embeddable":true,"href":"https:\/\/www.actualidadadiario.com\/index.php\/wp-json\/wp\/v2\/categories?post=104022"},{"taxonomy":"post_tag","embeddable":true,"href":"https:\/\/www.actualidadadiario.com\/index.php\/wp-json\/wp\/v2\/tags?post=104022"}],"curies":[{"name":"wp","href":"https:\/\/api.w.org\/{rel}","templated":true}]}}