{"id":104017,"date":"2023-06-30T14:52:59","date_gmt":"2023-06-30T17:52:59","guid":{"rendered":"https:\/\/www.actualidadadiario.com\/?p=104017"},"modified":"2023-06-30T14:52:23","modified_gmt":"2023-06-30T17:52:23","slug":"alberto-fernandez-entrega-en-santa-fe-la-vivienda-115-mil-desde-el-inicio-de-su-gestion","status":"publish","type":"post","link":"https:\/\/www.actualidadadiario.com\/index.php\/2023\/06\/30\/alberto-fernandez-entrega-en-santa-fe-la-vivienda-115-mil-desde-el-inicio-de-su-gestion\/","title":{"rendered":"Alberto Fern\u00e1ndez entrega en Santa Fe la vivienda 115 mil desde el inicio de su gesti\u00f3n"},"content":{"rendered":"<p style=\"text-align: center;\"><em><strong>El acto se realizar\u00e1 a las 16.30 en la capital Santa Fe de la Vera Cruz y estar\u00e1 acompa\u00f1ado por el jefe de Gabinete, Agust\u00edn Rossi; y el ministro de Ministro de Desarrollo Territorial y H\u00e1bitat, Santiago Maggiotti<\/strong><\/em><\/p>\n<p>&nbsp;<\/p>\n<p>&nbsp;<\/p>\n<p>El presidente Alberto Fern\u00e1ndez entregar\u00e1 este viernes 93 viviendas del desarrollo urban\u00edstico Estaci\u00f3n Cambios del Plan Procrear I en Santa Fe, por lo que ya ser\u00e1n 115 mil viviendas entregadas desde el inicio de su gesti\u00f3n.<\/p>\n<p>En el acto, que se realizar\u00e1 a las 16.30 en la capital Santa Fe de la Vera Cruz, Fern\u00e1ndez estar\u00e1 acompa\u00f1ado por el jefe de Gabinete, Agust\u00edn Rossi; y el ministro de Ministro de Desarrollo Territorial y H\u00e1bitat, Santiago Maggiotti.<\/p>\n<p>En paralelo, m\u00e1s de 135 mil viviendas contin\u00faan en proceso de construcci\u00f3n en todo el pa\u00eds, con participaci\u00f3n de la administraci\u00f3n federal.<\/p>\n<p>En Santa Fe est\u00e1n en ejecuci\u00f3n obras del Programa de Mejoramiento de Barrios en las ciudades de Rosario, Reconquista, San Justo y la capital provincial.<\/p>\n<p>Tambi\u00e9n obras de infraestructura financiada por el Banco Internacional de Reconstrucci\u00f3n y Fomento (Birf) en Rosario y Santa Fe y del Programa de Desarrollo de \u00c1reas Metropolitanas del Interior (Dami), en Granadero Baigorria.<\/p>\n","protected":false},"excerpt":{"rendered":"<p>El acto se realizar\u00e1 a las 16.30 en la capital Santa Fe de la Vera Cruz y estar\u00e1 acompa\u00f1ado por el jefe de Gabinete, Agust\u00edn Rossi; y el ministro de Ministro de Desarrollo Territorial y H\u00e1bitat, Santiago Maggiotti &nbsp; &nbsp; El presidente Alberto Fern\u00e1ndez entregar\u00e1 este viernes 93 viviendas del desarrollo urban\u00edstico Estaci\u00f3n Cambios del Plan Procrear I en Santa Fe, por lo que ya ser\u00e1n 115 mil viviendas entregadas desde el inicio de su gesti\u00f3n. En el acto, que se realizar\u00e1 a las 16.30 en la capital Santa Fe&#8230;<\/p>\n","protected":false},"author":3,"featured_media":104018,"comment_status":"closed","ping_status":"closed","sticky":false,"template":"","format":"standard","meta":[],"categories":[18],"tags":[],"_links":{"self":[{"href":"https:\/\/www.actualidadadiario.com\/index.php\/wp-json\/wp\/v2\/posts\/104017"}],"collection":[{"href":"https:\/\/www.actualidadadiario.com\/index.php\/wp-json\/wp\/v2\/posts"}],"about":[{"href":"https:\/\/www.actualidadadiario.com\/index.php\/wp-json\/wp\/v2\/types\/post"}],"author":[{"embeddable":true,"href":"https:\/\/www.actualidadadiario.com\/index.php\/wp-json\/wp\/v2\/users\/3"}],"replies":[{"embeddable":true,"href":"https:\/\/www.actualidadadiario.com\/index.php\/wp-json\/wp\/v2\/comments?post=104017"}],"version-history":[{"count":1,"href":"https:\/\/www.actualidadadiario.com\/index.php\/wp-json\/wp\/v2\/posts\/104017\/revisions"}],"predecessor-version":[{"id":104019,"href":"https:\/\/www.actualidadadiario.com\/index.php\/wp-json\/wp\/v2\/posts\/104017\/revisions\/104019"}],"wp:featuredmedia":[{"embeddable":true,"href":"https:\/\/www.actualidadadiario.com\/index.php\/wp-json\/wp\/v2\/media\/104018"}],"wp:attachment":[{"href":"https:\/\/www.actualidadadiario.com\/index.php\/wp-json\/wp\/v2\/media?parent=104017"}],"wp:term":[{"taxonomy":"category","embeddable":true,"href":"https:\/\/www.actualidadadiario.com\/index.php\/wp-json\/wp\/v2\/categories?post=104017"},{"taxonomy":"post_tag","embeddable":true,"href":"https:\/\/www.actualidadadiario.com\/index.php\/wp-json\/wp\/v2\/tags?post=104017"}],"curies":[{"name":"wp","href":"https:\/\/api.w.org\/{rel}","templated":true}]}}