{"id":104015,"date":"2023-06-30T14:00:10","date_gmt":"2023-06-30T17:00:10","guid":{"rendered":"https:\/\/www.actualidadadiario.com\/?p=104015"},"modified":"2023-06-30T14:00:10","modified_gmt":"2023-06-30T17:00:10","slug":"la-comision-de-juicio-politico-se-reactiva-citaron-a-maqueda-por-la-obra-social-judicial","status":"publish","type":"post","link":"https:\/\/www.actualidadadiario.com\/index.php\/2023\/06\/30\/la-comision-de-juicio-politico-se-reactiva-citaron-a-maqueda-por-la-obra-social-judicial\/","title":{"rendered":"La comisi\u00f3n de Juicio Pol\u00edtico se reactiva: citaron a Maqueda por la obra social judicial"},"content":{"rendered":"<p style=\"text-align: center;\"><em><strong>El jueves pr\u00f3ximo fue invitado a comparecer el juez m\u00e1s comprometido de los cuatro que integran la Corte, por irregularidades en la prestaci\u00f3n de la obra social, ya que la supervisaba entre el 2008 y 2021<\/strong><\/em><\/p>\n<p>&nbsp;<\/p>\n<p>&nbsp;<\/p>\n<p>La comisi\u00f3n de Juicio Pol\u00edtico de la C\u00e1mara de Diputados retomar\u00e1 la actividad el jueves que viene, fecha para la cual fue citado el ministro de la Corte Suprema de Justicia Juan Carlos Maqueda a los efectos de que, si as\u00ed lo considera, informe sobre los cargos formulados en su contra por las irregularidades en el funcionamiento de la Obra Social del Poder Judicial de la Naci\u00f3n (OSPJN) que estuvo bajo su supervisi\u00f3n entre el 2008 y el 2021.<\/p>\n<p>La presidenta de la comisi\u00f3n, Carolina Gaillard, convoc\u00f3 formalmente a los miembros de la comisi\u00f3n para reunirse el pr\u00f3ximo jueves 6 de julio a las 11, luego de una semana de receso a ra\u00edz del cierre de listas a nivel nacional.<\/p>\n<p>El denunciado podr\u00e1 comparecer presencialmente ante la comisi\u00f3n o bien hacer su descargo mediante un escrito.<\/p>\n<p>&#8220;La incomparecencia o inacci\u00f3n del denunciado no constituir\u00e1 impedimento para la prosecuci\u00f3n de las actuaciones. Lo establecido en este art\u00edculo no obsta al oportuno ejercicio de defensa por ante el Honorable Senado de la Naci\u00f3n&#8221;, aclara el art\u00edculo 13 de la comisi\u00f3n.<\/p>\n<p>Para el Frente de Todos, los cargos contra Maqueda por el per\u00edodo en que el juez administr\u00f3 la obra social (entre abril de 2008 y octubre de 2021) ya se encuentran debida y ampliamente fundados a partir de la evidencia testimonial y documental que se fue acumulando y consolidando a lo largo de las seis audiencias.<\/p>\n<p>El testimonio clave fue el del ex administrador general de la Corte H\u00e9ctor Marchi, quien se\u00f1al\u00f3 que durante la gesti\u00f3n del ex director de la obra social Aldo Ton\u00f3n (puesto all\u00ed por Maqueda) no hab\u00eda control de stock de medicamentos, escaseaban balances contables, el sistema inform\u00e1tico era obsoleto y vulnerable, hab\u00eda demoras y rechazos injustificados de autorizaciones de tratamientos.<\/p>\n<p>Adem\u00e1s hab\u00eda vacancias de cargos clave, se suspend\u00edan prestadores m\u00e9dicos por falta de pago o falta de actualizaci\u00f3n de aranceles, la compra de medicamentos y pr\u00f3tesis se hac\u00eda por contrataci\u00f3n directa y no por licitaci\u00f3n, y se registraron p\u00e9rdidas millonarias por no usar el dinero remanente en plazos fijos.<\/p>\n<p>La convocatoria a la reuni\u00f3n de la comisi\u00f3n tambi\u00e9n prev\u00e9 la concurrencia de testigos vinculados al causal &#8220;coparticipaci\u00f3n&#8221;, aunque no se detall\u00f3 qui\u00e9nes ser\u00edan.<\/p>\n<p>Sin embargo, se espera la presencia del ministro del Interior, Eduardo &#8220;Wado&#8221; de Pedro, algunos gobernadores del oficialismo, el subprocurador del Tesoro de la Naci\u00f3n, Horacio Diez; y distintos fiscales del Estado.<\/p>\n<p>Para una siguiente reuni\u00f3n de comisi\u00f3n se prev\u00e9 que sean citados por esta misma causa el vocero de la presidencia de la Corte Suprema, Silvio Robles, y al ex ministro de Justicia y Seguridad porte\u00f1o Marcelo D\u2019Alessandro.<\/p>\n<p>El conflicto tiene como origen un decreto de enero de 2016, cuando el entonces gobierno de Mauricio Macri elev\u00f3 la porci\u00f3n de coparticipaci\u00f3n federal en favor de la Ciudad llevando la tasa al 3,75%, con la excusa de que ese aumento del 1,4% compensaba el gasto adicional por el traspaso de la Polic\u00eda.<\/p>\n<p>Luego de tres audiencias en la Corte, en las cuales el Gobierno porte\u00f1o desech\u00f3 las ofertas realizadas por Naci\u00f3n, se dict\u00f3 una medida cautelar que no resolvi\u00f3 la cuesti\u00f3n de fondo y fij\u00f3 la coparticipaci\u00f3n en 2,95%.<\/p>\n","protected":false},"excerpt":{"rendered":"<p>El jueves pr\u00f3ximo fue invitado a comparecer el juez m\u00e1s comprometido de los cuatro que integran la Corte, por irregularidades en la prestaci\u00f3n de la obra social, ya que la supervisaba entre el 2008 y 2021 &nbsp; &nbsp; La comisi\u00f3n de Juicio Pol\u00edtico de la C\u00e1mara de Diputados retomar\u00e1 la actividad el jueves que viene, fecha para la cual fue citado el ministro de la Corte Suprema de Justicia Juan Carlos Maqueda a los efectos de que, si as\u00ed lo considera, informe sobre los cargos formulados en su contra por&#8230;<\/p>\n","protected":false},"author":3,"featured_media":102735,"comment_status":"closed","ping_status":"closed","sticky":false,"template":"","format":"standard","meta":[],"categories":[18],"tags":[],"_links":{"self":[{"href":"https:\/\/www.actualidadadiario.com\/index.php\/wp-json\/wp\/v2\/posts\/104015"}],"collection":[{"href":"https:\/\/www.actualidadadiario.com\/index.php\/wp-json\/wp\/v2\/posts"}],"about":[{"href":"https:\/\/www.actualidadadiario.com\/index.php\/wp-json\/wp\/v2\/types\/post"}],"author":[{"embeddable":true,"href":"https:\/\/www.actualidadadiario.com\/index.php\/wp-json\/wp\/v2\/users\/3"}],"replies":[{"embeddable":true,"href":"https:\/\/www.actualidadadiario.com\/index.php\/wp-json\/wp\/v2\/comments?post=104015"}],"version-history":[{"count":1,"href":"https:\/\/www.actualidadadiario.com\/index.php\/wp-json\/wp\/v2\/posts\/104015\/revisions"}],"predecessor-version":[{"id":104016,"href":"https:\/\/www.actualidadadiario.com\/index.php\/wp-json\/wp\/v2\/posts\/104015\/revisions\/104016"}],"wp:featuredmedia":[{"embeddable":true,"href":"https:\/\/www.actualidadadiario.com\/index.php\/wp-json\/wp\/v2\/media\/102735"}],"wp:attachment":[{"href":"https:\/\/www.actualidadadiario.com\/index.php\/wp-json\/wp\/v2\/media?parent=104015"}],"wp:term":[{"taxonomy":"category","embeddable":true,"href":"https:\/\/www.actualidadadiario.com\/index.php\/wp-json\/wp\/v2\/categories?post=104015"},{"taxonomy":"post_tag","embeddable":true,"href":"https:\/\/www.actualidadadiario.com\/index.php\/wp-json\/wp\/v2\/tags?post=104015"}],"curies":[{"name":"wp","href":"https:\/\/api.w.org\/{rel}","templated":true}]}}