{"id":104010,"date":"2023-06-30T13:45:21","date_gmt":"2023-06-30T16:45:21","guid":{"rendered":"https:\/\/www.actualidadadiario.com\/?p=104010"},"modified":"2023-06-30T13:45:21","modified_gmt":"2023-06-30T16:45:21","slug":"elecciones-2023-definen-cuanto-tiempo-habra-de-propaganda-politica-en-tv","status":"publish","type":"post","link":"https:\/\/www.actualidadadiario.com\/index.php\/2023\/06\/30\/elecciones-2023-definen-cuanto-tiempo-habra-de-propaganda-politica-en-tv\/","title":{"rendered":"Elecciones 2023: definen cu\u00e1nto tiempo habr\u00e1 de propaganda pol\u00edtica en TV"},"content":{"rendered":"<p style=\"text-align: center;\"><em><strong>A trav\u00e9s de un decreto firmado por Alberto Fern\u00e1ndez, Agust\u00edn Rossi y &#8220;Wado&#8221; de Pedro, se determin\u00f3 la cantidad de minutos que deber\u00e1n ceder los medios audiovisuales<\/strong><\/em><\/p>\n<p>&nbsp;<\/p>\n<p>&nbsp;<\/p>\n<p>El gobierno nacional estableci\u00f3 este viernes el tiempo de de difusi\u00f3n con el que contar\u00e1n las propagandas pol\u00edticas en televisi\u00f3n y regular\u00e1 la emisi\u00f3n de las publicidades partidarias a semanas de las elecciones Primarias, Abiertas, Simult\u00e1neas y Obligatorias (PASO) en Argentina.<\/p>\n<p>La medida fue establecida a trav\u00e9s del decreto N\u00b0330\/2023 publicado este viernes en el Bolet\u00edn Oficial, con la firma del presidente Alberto Fern\u00e1ndez, el jefe de Gabinete, Agust\u00edn Rossi, y el ministro del Interior, Eduardo &#8220;Wado&#8221; de Pedro.<\/p>\n<p>En este contexto, los medios de la televisi\u00f3n deber\u00e1n ceder un 5% de 12 horas de programaci\u00f3n para la difusi\u00f3n de campa\u00f1as electorales. Es decir, 24 minutos del total. Los medios audiovisuales que superen las 12 horas de programaci\u00f3n ser\u00e1n habilitados por el Ente Nacional de Comunicaciones (Enacom) como se\u00f1ales aptas para la difusi\u00f3n de las propagandas pol\u00edticas.<\/p>\n<p>Seg\u00fan el art\u00edculo 3 del Decreto N\u00b01142\/2015, la lista ser\u00e1 publicada a trav\u00e9s de la p\u00e1gina oficial de la Direcci\u00f3n Nacional Electoral (DINE), mientras que el art\u00edculo 12 establece que los medios de alcance nacional trasmitir\u00e1n \u00fanicamente las propagandas para las categor\u00edas de presidente, vicepresidente y parlamentarios del Mercosur.<\/p>\n<p>El 50% del espacio publicitario ser\u00e1 distribuido entre las agrupaciones que cuenten con candidatos para los cargos de Presidente\/a, vicepresidente\/a y parlamentarios\/as del Mercosur a nivel nacional.<\/p>\n<p>&nbsp;<\/p>\n<p><strong>Los candidatos firmaron un &#8220;compromiso para combatir la desinformaci\u00f3n&#8221;<\/strong><\/p>\n<p>De cara a las elecciones y a la campa\u00f1a para las PASO del pr\u00f3ximo 13 de agosto, todos los precandidatos presidenciales, representantes de los partidos pol\u00edticos, plataformas de internet y asociaciones period\u00edsticas firmaron un &#8220;compromiso para combatir la desinformaci\u00f3n&#8221; en las redes sociales y medios digitales.<\/p>\n<p>La convocatoria fue impulsada por la C\u00e1mara Nacional Electoral y cont\u00f3 con dirigentes de todos los espacios pol\u00edticos. Adem\u00e1s, estuvo presente el presidente de la Corte Suprema de Justicia, Horacio Rosatti.<\/p>\n<p>Cada uno de los representantes de los distintos espacios se pronunci\u00f3 sobre el problema de la desinformaci\u00f3n y aseguraron que har\u00e1n &#8220;un uso positivo&#8221; de su mensaje y llegada a los medios y redes sociales.<\/p>\n","protected":false},"excerpt":{"rendered":"<p>A trav\u00e9s de un decreto firmado por Alberto Fern\u00e1ndez, Agust\u00edn Rossi y &#8220;Wado&#8221; de Pedro, se determin\u00f3 la cantidad de minutos que deber\u00e1n ceder los medios audiovisuales &nbsp; &nbsp; El gobierno nacional estableci\u00f3 este viernes el tiempo de de difusi\u00f3n con el que contar\u00e1n las propagandas pol\u00edticas en televisi\u00f3n y regular\u00e1 la emisi\u00f3n de las publicidades partidarias a semanas de las elecciones Primarias, Abiertas, Simult\u00e1neas y Obligatorias (PASO) en Argentina. La medida fue establecida a trav\u00e9s del decreto N\u00b0330\/2023 publicado este viernes en el Bolet\u00edn Oficial, con la firma del&#8230;<\/p>\n","protected":false},"author":3,"featured_media":104011,"comment_status":"closed","ping_status":"closed","sticky":false,"template":"","format":"standard","meta":[],"categories":[9],"tags":[],"_links":{"self":[{"href":"https:\/\/www.actualidadadiario.com\/index.php\/wp-json\/wp\/v2\/posts\/104010"}],"collection":[{"href":"https:\/\/www.actualidadadiario.com\/index.php\/wp-json\/wp\/v2\/posts"}],"about":[{"href":"https:\/\/www.actualidadadiario.com\/index.php\/wp-json\/wp\/v2\/types\/post"}],"author":[{"embeddable":true,"href":"https:\/\/www.actualidadadiario.com\/index.php\/wp-json\/wp\/v2\/users\/3"}],"replies":[{"embeddable":true,"href":"https:\/\/www.actualidadadiario.com\/index.php\/wp-json\/wp\/v2\/comments?post=104010"}],"version-history":[{"count":1,"href":"https:\/\/www.actualidadadiario.com\/index.php\/wp-json\/wp\/v2\/posts\/104010\/revisions"}],"predecessor-version":[{"id":104012,"href":"https:\/\/www.actualidadadiario.com\/index.php\/wp-json\/wp\/v2\/posts\/104010\/revisions\/104012"}],"wp:featuredmedia":[{"embeddable":true,"href":"https:\/\/www.actualidadadiario.com\/index.php\/wp-json\/wp\/v2\/media\/104011"}],"wp:attachment":[{"href":"https:\/\/www.actualidadadiario.com\/index.php\/wp-json\/wp\/v2\/media?parent=104010"}],"wp:term":[{"taxonomy":"category","embeddable":true,"href":"https:\/\/www.actualidadadiario.com\/index.php\/wp-json\/wp\/v2\/categories?post=104010"},{"taxonomy":"post_tag","embeddable":true,"href":"https:\/\/www.actualidadadiario.com\/index.php\/wp-json\/wp\/v2\/tags?post=104010"}],"curies":[{"name":"wp","href":"https:\/\/api.w.org\/{rel}","templated":true}]}}