{"id":104000,"date":"2023-06-30T13:42:00","date_gmt":"2023-06-30T16:42:00","guid":{"rendered":"https:\/\/www.actualidadadiario.com\/?p=104000"},"modified":"2023-06-30T13:42:00","modified_gmt":"2023-06-30T16:42:00","slug":"las-mujeres-alcanzaron-una-tasa-de-empleo-record-del-481-en-el-primer-trimestre","status":"publish","type":"post","link":"https:\/\/www.actualidadadiario.com\/index.php\/2023\/06\/30\/las-mujeres-alcanzaron-una-tasa-de-empleo-record-del-481-en-el-primer-trimestre\/","title":{"rendered":"Las mujeres alcanzaron una tasa de empleo r\u00e9cord del 48,1% en el primer trimestre"},"content":{"rendered":"<p style=\"text-align: center;\"><em><strong>La tasa de desocupaci\u00f3n al t\u00e9rmino del primer trimestre se ubic\u00f3 en el 6,9%, lo que represent\u00f3 una baja de una d\u00e9cima respecto al 7% registrado en igual per\u00edodo de 2022<\/strong><\/em><\/p>\n<p>&nbsp;<\/p>\n<p>&nbsp;<\/p>\n<p>Las mujeres alcanzaron en el primer trimestre de este a\u00f1o una tasa de empleo del 48,1%, el registro m\u00e1s alto para la Argentina, que, adem\u00e1s, supera a la del promedio de Am\u00e9rica Latina y el Caribe, destac\u00f3 el Ministerio de Econom\u00eda.<\/p>\n<p>\u201cEl dise\u00f1o de pol\u00edticas econ\u00f3micas y productivas para la igualdad tiene efectos concretos\u201d, subray\u00f3 el \u00e1rea que conduce Sergio Massa.<\/p>\n<p>El informe destac\u00f3 que \u201cse impulsaron 57 pol\u00edticas para transversalizar el enfoque de g\u00e9nero en la econom\u00eda\u201d, y puntualiz\u00f3 que \u201cel compromiso con la igualdad de g\u00e9nero tambi\u00e9n se evidencia en el Presupuesto Nacional, que destina el 14,7% a cerrar brechas de g\u00e9nero en 2023\u201d.<\/p>\n<p>Respecto al \u00faltimo trimestre del a\u00f1o pasado, cuando el \u00edndice fue de 6,3%, la tasa reflej\u00f3 un incremento de seis d\u00e9cimas de punto.<\/p>\n<p>Por su parte, en el primer trimestre de 2023, la tasa de actividad -que mide la poblaci\u00f3n econ\u00f3micamente activa (PEA) sobre el total de la poblaci\u00f3n- fue del 48,3%, y la tasa de empleo (TE) -que refleja la proporci\u00f3n de personas ocupadas con relaci\u00f3n a la poblaci\u00f3n total- fue del 45,0%.<\/p>\n<p>En tanto, los varones de entre 14 y 29 a\u00f1os incrementaron su participaci\u00f3n entre los desocupados en 3,2 puntos porcentuales, al pasar de 22,5% a 25,7%.<\/p>\n","protected":false},"excerpt":{"rendered":"<p>La tasa de desocupaci\u00f3n al t\u00e9rmino del primer trimestre se ubic\u00f3 en el 6,9%, lo que represent\u00f3 una baja de una d\u00e9cima respecto al 7% registrado en igual per\u00edodo de 2022 &nbsp; &nbsp; Las mujeres alcanzaron en el primer trimestre de este a\u00f1o una tasa de empleo del 48,1%, el registro m\u00e1s alto para la Argentina, que, adem\u00e1s, supera a la del promedio de Am\u00e9rica Latina y el Caribe, destac\u00f3 el Ministerio de Econom\u00eda. \u201cEl dise\u00f1o de pol\u00edticas econ\u00f3micas y productivas para la igualdad tiene efectos concretos\u201d, subray\u00f3 el \u00e1rea&#8230;<\/p>\n","protected":false},"author":3,"featured_media":104001,"comment_status":"closed","ping_status":"closed","sticky":false,"template":"","format":"standard","meta":[],"categories":[2],"tags":[],"_links":{"self":[{"href":"https:\/\/www.actualidadadiario.com\/index.php\/wp-json\/wp\/v2\/posts\/104000"}],"collection":[{"href":"https:\/\/www.actualidadadiario.com\/index.php\/wp-json\/wp\/v2\/posts"}],"about":[{"href":"https:\/\/www.actualidadadiario.com\/index.php\/wp-json\/wp\/v2\/types\/post"}],"author":[{"embeddable":true,"href":"https:\/\/www.actualidadadiario.com\/index.php\/wp-json\/wp\/v2\/users\/3"}],"replies":[{"embeddable":true,"href":"https:\/\/www.actualidadadiario.com\/index.php\/wp-json\/wp\/v2\/comments?post=104000"}],"version-history":[{"count":1,"href":"https:\/\/www.actualidadadiario.com\/index.php\/wp-json\/wp\/v2\/posts\/104000\/revisions"}],"predecessor-version":[{"id":104002,"href":"https:\/\/www.actualidadadiario.com\/index.php\/wp-json\/wp\/v2\/posts\/104000\/revisions\/104002"}],"wp:featuredmedia":[{"embeddable":true,"href":"https:\/\/www.actualidadadiario.com\/index.php\/wp-json\/wp\/v2\/media\/104001"}],"wp:attachment":[{"href":"https:\/\/www.actualidadadiario.com\/index.php\/wp-json\/wp\/v2\/media?parent=104000"}],"wp:term":[{"taxonomy":"category","embeddable":true,"href":"https:\/\/www.actualidadadiario.com\/index.php\/wp-json\/wp\/v2\/categories?post=104000"},{"taxonomy":"post_tag","embeddable":true,"href":"https:\/\/www.actualidadadiario.com\/index.php\/wp-json\/wp\/v2\/tags?post=104000"}],"curies":[{"name":"wp","href":"https:\/\/api.w.org\/{rel}","templated":true}]}}