{"id":104,"date":"2016-08-10T13:53:48","date_gmt":"2016-08-10T16:53:48","guid":{"rendered":"http:\/\/actualidadadiario.com\/site\/?p=104"},"modified":"2016-08-22T10:18:16","modified_gmt":"2016-08-22T13:18:16","slug":"entre-rios-formo-parte-de-la-mesa-federal-de-participacion-ciudadana","status":"publish","type":"post","link":"https:\/\/www.actualidadadiario.com\/index.php\/2016\/08\/10\/entre-rios-formo-parte-de-la-mesa-federal-de-participacion-ciudadana\/","title":{"rendered":"Entre R\u00edos form\u00f3 parte de la Mesa Federal de Participaci\u00f3n Ciudadana"},"content":{"rendered":"<p><em><strong>La provincia de Entre R\u00edos estuvo representada en la Mesa Federal de Participaci\u00f3n Ciudadana que se realiz\u00f3 en Rosario, un espacio de trabajo e intercambio que convoca a referentes pol\u00edticos, ejecutivos y responsables de estas \u00e1reas de todas las provincias. Tiene como finalidad debatir e intercambiar buenas pr\u00e1cticas, experiencias y conocimientos en la materia<\/strong><\/em><\/p>\n<p>La secretaria de Modernizaci\u00f3n de Entre R\u00edos, Lucrecia Escand\u00f3n, estuvo presente, junto a representantes de todas las provincias de la Rep\u00fablica Argentina. El mes pr\u00f3ximo se realizar\u00e1 en Neuqu\u00e9n el segundo Congreso Nacional de Participaci\u00f3n Ciudadana.<\/p>\n<p>\u201cEn el primer encuentro que tuvimos con los integrantes de la Mesa Federal de Participaci\u00f3n contamos c\u00f3mo venimos trabajando el concepto de participaci\u00f3n, espec\u00edficamente en las iniciativas que tienen que ver con el Ministerio de Gobierno, donde entendemos la participaci\u00f3n como un valor transversal que pasa por cada uno de los proyectos que dise\u00f1amos\u201d, se\u00f1al\u00f3 Escand\u00f3n.<\/p>\n<p>En ese marco, se enumeraron cada una de las herramientas de esta gesti\u00f3n, como es el caso del observatorio de Seguridad Vial, el Foro de la Reforma Pol\u00edtica, la Mesa Interreligiosa que tiene trabajo permanente en el marco del Ministerio, el Consejo de Trata, las iniciativas del programa Carta y Compromiso ciudadano, el Portal \u00fanico de Tr\u00e1mites como canales de informaci\u00f3n y participaci\u00f3n, entre otros.<\/p>\n<p>En la jornada, se hicieron presentes referentes provinciales, entre ellos los gobernadores de la provincia de Santa Fe, Roberto Miguel Lifschitz, y de Salta, Juan Manuel Urtubey.<\/p>\n","protected":false},"excerpt":{"rendered":"<p>La provincia de Entre R\u00edos estuvo representada en la Mesa Federal de Participaci\u00f3n Ciudadana que se realiz\u00f3 en Rosario, un espacio de trabajo e intercambio que convoca a referentes pol\u00edticos, ejecutivos y responsables de estas \u00e1reas de todas las provincias. Tiene como finalidad debatir e intercambiar buenas pr\u00e1cticas, experiencias y conocimientos en la materia La secretaria de Modernizaci\u00f3n de Entre R\u00edos, Lucrecia Escand\u00f3n, estuvo presente, junto a representantes de todas las provincias de la Rep\u00fablica Argentina. El mes pr\u00f3ximo se realizar\u00e1 en Neuqu\u00e9n el segundo Congreso Nacional de Participaci\u00f3n Ciudadana&#8230;.<\/p>\n","protected":false},"author":2,"featured_media":105,"comment_status":"closed","ping_status":"open","sticky":false,"template":"","format":"standard","meta":[],"categories":[9,15],"tags":[14],"_links":{"self":[{"href":"https:\/\/www.actualidadadiario.com\/index.php\/wp-json\/wp\/v2\/posts\/104"}],"collection":[{"href":"https:\/\/www.actualidadadiario.com\/index.php\/wp-json\/wp\/v2\/posts"}],"about":[{"href":"https:\/\/www.actualidadadiario.com\/index.php\/wp-json\/wp\/v2\/types\/post"}],"author":[{"embeddable":true,"href":"https:\/\/www.actualidadadiario.com\/index.php\/wp-json\/wp\/v2\/users\/2"}],"replies":[{"embeddable":true,"href":"https:\/\/www.actualidadadiario.com\/index.php\/wp-json\/wp\/v2\/comments?post=104"}],"version-history":[{"count":1,"href":"https:\/\/www.actualidadadiario.com\/index.php\/wp-json\/wp\/v2\/posts\/104\/revisions"}],"predecessor-version":[{"id":106,"href":"https:\/\/www.actualidadadiario.com\/index.php\/wp-json\/wp\/v2\/posts\/104\/revisions\/106"}],"wp:featuredmedia":[{"embeddable":true,"href":"https:\/\/www.actualidadadiario.com\/index.php\/wp-json\/wp\/v2\/media\/105"}],"wp:attachment":[{"href":"https:\/\/www.actualidadadiario.com\/index.php\/wp-json\/wp\/v2\/media?parent=104"}],"wp:term":[{"taxonomy":"category","embeddable":true,"href":"https:\/\/www.actualidadadiario.com\/index.php\/wp-json\/wp\/v2\/categories?post=104"},{"taxonomy":"post_tag","embeddable":true,"href":"https:\/\/www.actualidadadiario.com\/index.php\/wp-json\/wp\/v2\/tags?post=104"}],"curies":[{"name":"wp","href":"https:\/\/api.w.org\/{rel}","templated":true}]}}