{"id":103981,"date":"2023-06-29T14:51:50","date_gmt":"2023-06-29T17:51:50","guid":{"rendered":"https:\/\/www.actualidadadiario.com\/?p=103981"},"modified":"2023-06-29T14:51:50","modified_gmt":"2023-06-29T17:51:50","slug":"la-quema-de-un-coran-en-estocolmo-genera-un-conflicto-que-afecta-a-la-otan","status":"publish","type":"post","link":"https:\/\/www.actualidadadiario.com\/index.php\/2023\/06\/29\/la-quema-de-un-coran-en-estocolmo-genera-un-conflicto-que-afecta-a-la-otan\/","title":{"rendered":"La quema de un Cor\u00e1n en Estocolmo genera un conflicto que afecta a la OTAN"},"content":{"rendered":"<p style=\"text-align: center;\"><em><strong>Ese episodio provoc\u00f3 repudios en cadena, incluso en los Estados Unidos. Indignaci\u00f3n en Hungr\u00eda, Marruecos, Pakist\u00e1n y Turqu\u00eda<\/strong><\/em><\/p>\n<p>&nbsp;<\/p>\n<p>&nbsp;<\/p>\n<p>Un hombre -identificado como Salwan Momika- rompi\u00f3 y quem\u00f3 un Cor\u00e1n frente a la mezquita central de\u00a0 Estocolmo, episodio que deton\u00f3 un conflicto internacional que afecta el pedido de Suecia para incorporarse a la OTAN.<\/p>\n<p>La informaci\u00f3n de la agencia de noticias Reuters indica que la Polic\u00eda concedi\u00f3 permiso para que se llevara a cabo la protesta frente a la mezquita y que posteriormente acus\u00f3 al hombre de agitaci\u00f3n contra un grupo \u00e9tnico o nacional.<\/p>\n<p>Ankara ya estaba ofendida por una serie de manifestaciones en Suecia contra el Islam y por los derechos de los kurdos y este hecho profundiz\u00f3 el enojo, por lo que ahora niega el respaldo que el pa\u00eds n\u00f3rdico necesita para ingresar a la Organizaci\u00f3n del Tratado del Atl\u00e1ntico Norte (OTAN). Suecia busc\u00f3 ser miembro de la OTAN tras la invasi\u00f3n rusa de Ucrania el a\u00f1o pasado.<\/p>\n<p>&nbsp;<\/p>\n<p><strong>Repudios en cadena<\/strong><\/p>\n<p>El ministro de Relaciones Exteriores de Turqu\u00eda, Hakan Fidan, conden\u00f3 el acto en un tuit y agreg\u00f3 que era inaceptable permitir protestas contra el islam en nombre de la libertad de expresi\u00f3n.<\/p>\n<p>La quema de textos religiosos es &#8220;irrespetuosa e hiriente&#8221;, declar\u00f3 a los periodistas el portavoz adjunto del Departamento de Estado de los Estados Unidos en una sesi\u00f3n informativa diaria, a pesar de que este pa\u00eds sigui\u00f3 abogando para que Turqu\u00eda vote en favor del ingreso de Suecia a la OTAN, sigue la informaci\u00f3n de Reuters.<\/p>\n<p>Unos 200 espectadores vieron a uno de los dos manifestantes rompiendo p\u00e1ginas de una copia del Cor\u00e1n y limpi\u00e1ndose los zapatos con \u00e9l antes de ponerle tocino y prenderle fuego al libro, mientras que el otro hablaba por un meg\u00e1fono.<\/p>\n<p>Algunos de los presentes gritaron &#8220;Dios es grande&#8221; en \u00e1rabe (&#8220;Allah Akhbar&#8221;) para protestar contra la quema, y \u200b\u200bla Polic\u00eda\u00a0 detuvo a un hombre que intent\u00f3 arrojar una piedra.<\/p>\n<p>Si bien la Polic\u00eda sueca rechaz\u00f3 varias solicitudes recientes de manifestaciones contra el Cor\u00e1n, los tribunales anularon esas decisiones, alegando que infring\u00edan la libertad de expresi\u00f3n.<\/p>\n<p>El primer ministro Ulf Kristersson estim\u00f3 en una conferencia de prensa que no especular\u00eda sobre c\u00f3mo la protesta podr\u00eda afectar el proceso de la OTAN en Suecia.<\/p>\n<p>Los representantes de la mezquita se sintieron decepcionados por la decisi\u00f3n de la Polic\u00eda de otorgar permiso para la protesta en la festividad musulmana de Eid al-Adha, se\u00f1al\u00f3 el director del templo, im\u00e1n Mahmoud Khalfi.<\/p>\n<p>&#8220;La mezquita sugiri\u00f3 a la polic\u00eda que al menos desviara la manifestaci\u00f3n a otro lugar, lo cual es posible por ley, pero optaron por no hacerlo&#8221;, escribi\u00f3 Khalfi en un comunicado. &#8220;Pakist\u00e1n conden\u00f3 en\u00e9rgicamente la quema del Cor\u00e1n en Suecia&#8221;, declar\u00f3 este jueves su Ministerio de Relaciones Exteriores.<\/p>\n<p>&#8220;Tal provocaci\u00f3n intencionada a la discriminaci\u00f3n, el odio y la violencia no puede justificarse bajo el pretexto de la libertad de expresi\u00f3n y protesta&#8221;, declar\u00f3 la cartera en un comunicado, inform\u00f3 la agencia de noticias Xinhua.<\/p>\n<p>Marruecos retir\u00f3 a su embajador en Suecia de manera indefinida tras la quema del Cor\u00e1n, inform\u00f3 este jueves el Ministerio de Asuntos Exteriores marroqu\u00ed mediante un comunicado.<\/p>\n<p>Aquel pa\u00eds africano tambi\u00e9n llam\u00f3 a consultas al encargado de negocios sueco en Rabat, traslad\u00e1ndole la &#8220;condena m\u00e1s en\u00e9rgica por esta ofensa y su rechazo a este acto inaceptable&#8221;, indic\u00f3 el comunicado.<\/p>\n<p>&#8220;Este acto ofensivo e irresponsable ignora los sentimientos de m\u00e1s de mil millones de musulmanes durante este periodo\u00a0 sagrado del gran peregrinaje hacia La Meca y la festividad bendita de Eid al-Adha&#8221;, a\u00f1adi\u00f3.<\/p>\n<p>El presidente turco, Tayyip Erdogan, critic\u00f3 este jueves a Suecia por la quema de un Cor\u00e1n en Estocolmo y dijo que Turqu\u00eda nunca se doblegar\u00eda ante una pol\u00edtica de provocaci\u00f3n o amenaza, seg\u00fan Xinhua.<\/p>\n<p>&#8220;Ense\u00f1aremos a los arrogantes occidentales que no es libertad de expresi\u00f3n insultar los valores sagrados de los\u00a0 musulmanes&#8221;, declar\u00f3 a los miembros del partido en la festividad musulmana de Eid Al-Adha.<\/p>\n<p>El parlamento h\u00fangaro no realizar\u00e1 una votaci\u00f3n sobre la membres\u00eda de Suecia en la OTAN la pr\u00f3xima semana, seg\u00fan su calendario publicado el jueves, lo que retrasa a\u00fan m\u00e1s la ratificaci\u00f3n de la medida por parte de la alianza occidental, inform\u00f3 Reuters.<\/p>\n<p>Por otra parte, un vocero de la organizaci\u00f3n ya anticip\u00f3 que la adhesi\u00f3n de Suecia a la OTAN probablemente no salga cuando se celebre la cumbre en Vilnius, prevista para el 10 y el 11 de julio.<\/p>\n","protected":false},"excerpt":{"rendered":"<p>Ese episodio provoc\u00f3 repudios en cadena, incluso en los Estados Unidos. Indignaci\u00f3n en Hungr\u00eda, Marruecos, Pakist\u00e1n y Turqu\u00eda &nbsp; &nbsp; Un hombre -identificado como Salwan Momika- rompi\u00f3 y quem\u00f3 un Cor\u00e1n frente a la mezquita central de\u00a0 Estocolmo, episodio que deton\u00f3 un conflicto internacional que afecta el pedido de Suecia para incorporarse a la OTAN. La informaci\u00f3n de la agencia de noticias Reuters indica que la Polic\u00eda concedi\u00f3 permiso para que se llevara a cabo la protesta frente a la mezquita y que posteriormente acus\u00f3 al hombre de agitaci\u00f3n contra&#8230;<\/p>\n","protected":false},"author":3,"featured_media":103982,"comment_status":"closed","ping_status":"closed","sticky":false,"template":"","format":"standard","meta":[],"categories":[4],"tags":[],"_links":{"self":[{"href":"https:\/\/www.actualidadadiario.com\/index.php\/wp-json\/wp\/v2\/posts\/103981"}],"collection":[{"href":"https:\/\/www.actualidadadiario.com\/index.php\/wp-json\/wp\/v2\/posts"}],"about":[{"href":"https:\/\/www.actualidadadiario.com\/index.php\/wp-json\/wp\/v2\/types\/post"}],"author":[{"embeddable":true,"href":"https:\/\/www.actualidadadiario.com\/index.php\/wp-json\/wp\/v2\/users\/3"}],"replies":[{"embeddable":true,"href":"https:\/\/www.actualidadadiario.com\/index.php\/wp-json\/wp\/v2\/comments?post=103981"}],"version-history":[{"count":1,"href":"https:\/\/www.actualidadadiario.com\/index.php\/wp-json\/wp\/v2\/posts\/103981\/revisions"}],"predecessor-version":[{"id":103983,"href":"https:\/\/www.actualidadadiario.com\/index.php\/wp-json\/wp\/v2\/posts\/103981\/revisions\/103983"}],"wp:featuredmedia":[{"embeddable":true,"href":"https:\/\/www.actualidadadiario.com\/index.php\/wp-json\/wp\/v2\/media\/103982"}],"wp:attachment":[{"href":"https:\/\/www.actualidadadiario.com\/index.php\/wp-json\/wp\/v2\/media?parent=103981"}],"wp:term":[{"taxonomy":"category","embeddable":true,"href":"https:\/\/www.actualidadadiario.com\/index.php\/wp-json\/wp\/v2\/categories?post=103981"},{"taxonomy":"post_tag","embeddable":true,"href":"https:\/\/www.actualidadadiario.com\/index.php\/wp-json\/wp\/v2\/tags?post=103981"}],"curies":[{"name":"wp","href":"https:\/\/api.w.org\/{rel}","templated":true}]}}