{"id":103978,"date":"2023-06-29T14:51:01","date_gmt":"2023-06-29T17:51:01","guid":{"rendered":"https:\/\/www.actualidadadiario.com\/?p=103978"},"modified":"2023-06-29T14:51:01","modified_gmt":"2023-06-29T17:51:01","slug":"rusia-le-comunico-al-lider-del-grupo-wagner-el-fin-de-su-participacion-en-ucrania-antes-de-la-rebelion","status":"publish","type":"post","link":"https:\/\/www.actualidadadiario.com\/index.php\/2023\/06\/29\/rusia-le-comunico-al-lider-del-grupo-wagner-el-fin-de-su-participacion-en-ucrania-antes-de-la-rebelion\/","title":{"rendered":"Rusia le comunic\u00f3 al l\u00edder del grupo Wagner el fin de su participaci\u00f3n en Ucrania antes de la rebeli\u00f3n"},"content":{"rendered":"<p style=\"text-align: center;\"><em><strong>Fue por negarse a acatar una orden aprobada que establec\u00eda que las organizaciones militares privadas deb\u00edan adherirse al Ministerio de Defensa<\/strong><\/em><\/p>\n<p>&nbsp;<\/p>\n<p>&nbsp;<\/p>\n<p>El presidente de la Comisi\u00f3n de Defensa de la Duma Estatal rusa, Andrei Kartapolov, confirm\u00f3 este jueves que las autoridades rusas comunicaron al l\u00edder del Grupo Wagner, Yevgueni Prigozhin, el fin de su participaci\u00f3n en la guerra en Ucrania pocos d\u00edas antes de la rebeli\u00f3n que impuls\u00f3 contra Mosc\u00fa hace una semana.<\/p>\n<p>Kartapolov record\u00f3 que el Ministerio de Defensa ruso aprob\u00f3 una declaraci\u00f3n por la que todas las formaciones militares que formaran parte de las hostilidades, incluidas las organizaciones paramilitares, deb\u00edan adherirse a Ministerio.<\/p>\n<p>Todas las organizaciones aceptaron, \u00abexcepto el se\u00f1or Prigozhin\u00bb.<\/p>\n<p>Se trata de una orden aprobada a mediados de junio por el ministro de Defensa, Sergei Shoigu, que establec\u00eda que las organizaciones militares privadas deb\u00edan adherirse al Ministerio a m\u00e1s tardar el 1 de julio, recibiendo a cambio estatus legal y apoyo log\u00edstico por parte del Estado.<\/p>\n<p>En respuesta a esta negativa inicial, las autoridades rusas informaron al l\u00edder de los mercenarios de que ya no participar\u00eda en las hostilidades en Ucrania, y adem\u00e1s ya no se suministrar\u00edan \u00abrecursos financieros ni materiales\u00bb a la organizaci\u00f3n, seg\u00fan inform\u00f3 la agencia rusa de noticias TASS.<\/p>\n<p>Prigozhin, muy cr\u00edtico con la c\u00fapula del Ministerio de Defensa que insist\u00eda en poner a contrato las unidades de voluntarios, hab\u00eda denunciado un ataque del Ej\u00e9rcito regular a un campamento de su grupo, afirmaci\u00f3n que el ente militar y el servicio de seguridad desmintieron enseguida, y anunci\u00f3 el s\u00e1bado pasado una marcha hacia Mosc\u00fa, lo que le vali\u00f3 la apertura de un expediente penal por incitaci\u00f3n a rebeli\u00f3n armada.<\/p>\n<p>Prigozhin lanz\u00f3 su insurrecci\u00f3n armada d\u00edas despu\u00e9s de que Putin anunciara que los combatientes de Wagner ten\u00edan que firmar contratos con el Ej\u00e9rcito.<\/p>\n<p>La sublevaci\u00f3n de Prigozhiny el grupo Wagner dur\u00f3 24 horas.<\/p>\n<p>Kartapolov aprovec\u00f3 la situaci\u00f3n para criticar a Prigozhin, para quien el dinero es \u00ablo principal\u00bb.<\/p>\n<p>As\u00ed pues, el asunto monetario, sumado a sus \u00abambiciones est\u00fapidas\u00bb y junto a \u00abun estado de excitaci\u00f3n\u00bb, fueron el caldo de cultivo para un \u00abintento de traici\u00f3n y enga\u00f1o a sus camaradas\u00bb.<\/p>\n<p>En la sublevaci\u00f3n, Prigozhin desafi\u00f3 frontalmente la autoridad de Putin, de su ministro de Defensa y del jefe de las Fuerzas Armadas, tom\u00f3 posiciones en la ciudad de Rostov del Don, y desde all\u00ed avanz\u00f3 con sus hombres a menos de 400 kil\u00f3metros de Mosc\u00fa.<\/p>\n<p>Finalmente, el jefe de las milicias que fueron clave en la ofensiva en Ucrania y el Kremlin llegaron a un acuerdo: Prigozhin se asil\u00f3 en Bielorrusia, se dejaron sin efecto el expediente penal en su contra y ninguno de sus subordinados ser\u00e1 enjuiciado.<\/p>\n<p>Por su parte, el principal asesor de la Presidencia de Ucrania, Mijail Podoliak, no dio lugar los rumores de que los mercenarios de Wagner podr\u00edan dirigir un ataque desde Bielorrusia y cree que principalmente continuar\u00e1n sus operaciones all\u00e1 en las zonas del este de Ucrania en las que est\u00e1n presentes, ya sea integrados en el Ministerio de Defensa o en la Guardia Nacional rusas. En lo que respecta a Prigozhin, cuya presencia en Bielorrusia fue confirmada por las autoridades de ese pa\u00eds, apunta que volver\u00e1 a \u00c1frica, uno de \u00absus principales activos comerciales\u00bb, en los que tiene todav\u00eda varios frentes abiertos, indic\u00f3 en la televisi\u00f3n ucraniana.<\/p>\n<p>Bielorrusia confirm\u00f3 ayer la presencia de Prigozhin en su territorio despu\u00e9s de varios d\u00edas de rumores y especulaciones tras la fallida rebeli\u00f3n.<\/p>\n","protected":false},"excerpt":{"rendered":"<p>Fue por negarse a acatar una orden aprobada que establec\u00eda que las organizaciones militares privadas deb\u00edan adherirse al Ministerio de Defensa &nbsp; &nbsp; El presidente de la Comisi\u00f3n de Defensa de la Duma Estatal rusa, Andrei Kartapolov, confirm\u00f3 este jueves que las autoridades rusas comunicaron al l\u00edder del Grupo Wagner, Yevgueni Prigozhin, el fin de su participaci\u00f3n en la guerra en Ucrania pocos d\u00edas antes de la rebeli\u00f3n que impuls\u00f3 contra Mosc\u00fa hace una semana. Kartapolov record\u00f3 que el Ministerio de Defensa ruso aprob\u00f3 una declaraci\u00f3n por la que todas&#8230;<\/p>\n","protected":false},"author":3,"featured_media":103979,"comment_status":"closed","ping_status":"closed","sticky":false,"template":"","format":"standard","meta":[],"categories":[4],"tags":[],"_links":{"self":[{"href":"https:\/\/www.actualidadadiario.com\/index.php\/wp-json\/wp\/v2\/posts\/103978"}],"collection":[{"href":"https:\/\/www.actualidadadiario.com\/index.php\/wp-json\/wp\/v2\/posts"}],"about":[{"href":"https:\/\/www.actualidadadiario.com\/index.php\/wp-json\/wp\/v2\/types\/post"}],"author":[{"embeddable":true,"href":"https:\/\/www.actualidadadiario.com\/index.php\/wp-json\/wp\/v2\/users\/3"}],"replies":[{"embeddable":true,"href":"https:\/\/www.actualidadadiario.com\/index.php\/wp-json\/wp\/v2\/comments?post=103978"}],"version-history":[{"count":1,"href":"https:\/\/www.actualidadadiario.com\/index.php\/wp-json\/wp\/v2\/posts\/103978\/revisions"}],"predecessor-version":[{"id":103980,"href":"https:\/\/www.actualidadadiario.com\/index.php\/wp-json\/wp\/v2\/posts\/103978\/revisions\/103980"}],"wp:featuredmedia":[{"embeddable":true,"href":"https:\/\/www.actualidadadiario.com\/index.php\/wp-json\/wp\/v2\/media\/103979"}],"wp:attachment":[{"href":"https:\/\/www.actualidadadiario.com\/index.php\/wp-json\/wp\/v2\/media?parent=103978"}],"wp:term":[{"taxonomy":"category","embeddable":true,"href":"https:\/\/www.actualidadadiario.com\/index.php\/wp-json\/wp\/v2\/categories?post=103978"},{"taxonomy":"post_tag","embeddable":true,"href":"https:\/\/www.actualidadadiario.com\/index.php\/wp-json\/wp\/v2\/tags?post=103978"}],"curies":[{"name":"wp","href":"https:\/\/api.w.org\/{rel}","templated":true}]}}