{"id":103973,"date":"2023-06-29T14:49:24","date_gmt":"2023-06-29T17:49:24","guid":{"rendered":"https:\/\/www.actualidadadiario.com\/?p=103973"},"modified":"2023-06-29T14:49:24","modified_gmt":"2023-06-29T17:49:24","slug":"segunda-noche-de-protestas-en-francia-por-el-asesinato-de-un-joven-a-manos-de-la-policia","status":"publish","type":"post","link":"https:\/\/www.actualidadadiario.com\/index.php\/2023\/06\/29\/segunda-noche-de-protestas-en-francia-por-el-asesinato-de-un-joven-a-manos-de-la-policia\/","title":{"rendered":"Segunda noche de protestas en Francia por el asesinato de un joven a manos de la polic\u00eda"},"content":{"rendered":"<p style=\"text-align: center;\"><em><strong>El hecho relanz\u00f3 el recurrente debate sobre la violencia policial en Francia, teniendo en cuenta que ya son 13 personas las que murieron en circunstancias similares en 2022<\/strong><\/em><\/p>\n<p>&nbsp;<\/p>\n<p>&nbsp;<\/p>\n<p>Varias ciudades de Francia fueron escenario este martes, por segunda noche consecutiva, de disturbios en protesta por la muerte de un joven de 17 a\u00f1os baleado en un control policial, pese a los llamados a la calma por parte del gobierno, inform\u00f3 la prensa local.<\/p>\n<p>En Nanterre, a 15 kil\u00f3metros al oeste de Par\u00eds, donde el muchacho fue asesinado ayer, se reprodujeron los incidentes de anoche pese al anunciado despliegue de unos 2.000 efectivos antimotines.<\/p>\n<p>Los manifestantes levantaron varias barricadas y quemaron m\u00e1s de una decena de veh\u00edculos, as\u00ed como mobiliario urbano, y la polic\u00eda detuvo al menos a 77 personas en Par\u00eds y sus alrededores.<\/p>\n<p>Asimismo, los disturbios se extendieron por segunda noche consecutiva a otras zonas del pa\u00eds, tales como Lyon, en el este; Toulouse, en el sudoeste, y Lille, en el norte.<\/p>\n<p>M\u00e1s temprano, el ministro del Interior, G\u00e9rald Darmanin, dijo que esta noche se desplegar\u00edan 2.000 polic\u00edas en la regi\u00f3n del oeste suburbano de Par\u00eds y en otras grandes ciudades -800 m\u00e1s que anoche- con el fin de \u00abmantener el orden\u00bb.<\/p>\n<p>Paralelamente, el vocero del Gobierno, Olivier Ver\u00e1n, llam\u00f3 \u00aba la calma\u00bb para superar este momento de \u00abemoci\u00f3n muy fuerte\u00bb.<\/p>\n<p>\u00abNada, nada justifica la muerte de un joven\u00bb, dijo en Marsella el presidente, Emmanuel Macron.<\/p>\n<p>\u00abLas im\u00e1genes dan a pensar que no se respet\u00f3 el marco de intervenci\u00f3n legal\u00bb, dijo a su vez la primera ministra, Elisabeth Borne, en una sesi\u00f3n de preguntas al Gobierno en el Senado.<\/p>\n<p>Anoche hubo disturbios en la regi\u00f3n de Par\u00eds, sobre todo en Nanterre, donde Nahel, un repartidor de 17 a\u00f1os, perdi\u00f3 la vida en la ma\u00f1ana de ayer durante un control policial cuando conduc\u00eda un veh\u00edculo amarillo.<\/p>\n<p>Los residentes protestaron frente a la sede de la polic\u00eda. Algunos grupos incendiaron barricadas y basureros, destrozaron una parada de colectivos y arrojaron petardos a la polic\u00eda, que respondi\u00f3 con gases lacrim\u00f3genos y granadas de dispersi\u00f3n, seg\u00fan videos difundidos por medios locales.<\/p>\n<p>M\u00e1s de 40 autos fueron quemados y 31 personas fueron detenidas anoche, seg\u00fan el balance de las autoridades.<\/p>\n<p>\u00abNuestra ciudad se despert\u00f3 conmocionada, da\u00f1ada, marcada y preocupada por esta oleada de violencia\u00bb, constat\u00f3 el alcalde de Nanterre, Patrick Jarry, llamando tambi\u00e9n a la calma y pidiendo \u00abjusticia para Nahel\u00bb.<\/p>\n<p>Las fuerzas de seguridad en Francia suelen ser blanco de acusaciones de uso excesivo de la fuerza, como durante la final de Liga de Campeones en 2022 o las pasadas protestas contra una impopular reforma jubilatoria.<\/p>\n<p>Pero esta nueva tragedia relanz\u00f3 el recurrente debate sobre la violencia policial, m\u00e1xime cuando 13 personas murieron en circunstancias similares en 2022. A mediados de junio un guineano muri\u00f3 cerca de la ciudad suroccidental de Angulema por un disparo de un agente.<\/p>\n<p>En el caso de Nahel, un video publicado en redes sociales muestra c\u00f3mo uno de los dos agentes lo retiene a punta de pistola y le dispara a quemarropa cuando acelera. En la grabaci\u00f3n se escucha \u00abvas a recibir una bala en la cabeza\u00bb, aunque no queda claro qui\u00e9n lo dice.<\/p>\n<p>La fuga del joven termin\u00f3 unas decenas de metros m\u00e1s all\u00e1, cuando el coche se estrell\u00f3 contra un poste. La v\u00edctima falleci\u00f3 poco despu\u00e9s tras haber recibido una bala en el t\u00f3rax.<\/p>\n<p>Yassine Bouzrou, abogado de la familia de Nael, revel\u00f3 que buscaran que el autor del disparo sea acusado de asesinato en lugar de homicidio involuntario y que pedir\u00e1n que la investigaci\u00f3n se transfiera a una regi\u00f3n diferente porque temen que los investigadores de Nanterre no sean imparciales, inform\u00f3 la televisora CNN.<\/p>\n<p>Adem\u00e1s, refut\u00f3 una supuesta declaraci\u00f3n de la Polic\u00eda acerca de que sus vidas corr\u00edan peligro porque el conductor hab\u00eda amenazado con atropellarlos.<\/p>\n<p>En un mensaje en la red social TikTok, la madre del joven asesinado convoc\u00f3 a marchar ma\u00f1ana a las 14 (las 7 de la Argentina) cerca del lugar del episodio en homenaje a su hijo: \u00abEs una revuelta por mi hijo\u00bb, afirm\u00f3.<\/p>\n<p>Los hechos crearon una oleada de indignaci\u00f3n, sobre todo entre la oposici\u00f3n de izquierda, y la Asamblea Nacional (c\u00e1mara baja) observ\u00f3 un minuto de silencio.<\/p>\n<p>\u00abLa pena de muerte ya no existe en Francia. Ning\u00fan polic\u00eda tiene el derecho de matar, salvo en leg\u00edtima defensa\u00bb, tuite\u00f3 el pol\u00edtico izquierdista Jean-Luc M\u00e9lenchon.<\/p>\n<p>Futbolistas, como el jugador del Barcelona de Espa\u00f1a Jules Kound\u00e9, y celebridades se sumaron a las cr\u00edticas pidiendo una \u00abjusticia digna\u00bb, en palabras del popular actor Omar Sy.<\/p>\n<p>\u00abMe duele mi Francia\u00bb, tuite\u00f3 la estrella del Paris Saint-Germain (PSG) Kylian Mbapp\u00e9, quien en 2020 ya reaccion\u00f3 a la paliza propinada por agentes de la polic\u00eda a un productor de m\u00fasica negro, Michel Zecler, en Par\u00eds.<\/p>\n<p>La derecha y la extrema derecha, as\u00ed como el ministro del Interior, pidieron respetar tambi\u00e9n \u00abla presunci\u00f3n de inocencia\u00bb de los polic\u00edas.<\/p>\n<p>En ese sentido, uno de los principales sindicatos de la Polic\u00eda, critic\u00f3 que Macron as\u00ed como otros pol\u00edticos y artistas hayan condenado al polic\u00eda antes de que la justicia se pronuncie.<\/p>\n<p>\u00abUtilizando palabras como \u2018inexplicable e inexcusable\u2019, contrariamente a sus declaraciones de que apoya a la polic\u00eda, es inconcebible que el presidente de la Rep\u00fablica, al igual que ciertos pol\u00edticos, artistas y otros, burlen la separaci\u00f3n de poderes y la independencia del Poder Judicial condenando a nuestros colegas antes, incluso, de que el poder judicial haya dado su veredicto\u00bb, escribi\u00f3 el sindicato Alliance en un comunicado.<\/p>\n<p>El agente de 38 a\u00f1os que dispar\u00f3 se encuentra en custodia policial en el marco de una investigaci\u00f3n por homicidio voluntario por parte de un funcionario p\u00fablico, indic\u00f3 la fiscal\u00eda.<\/p>\n<p>El ministerio p\u00fablico abri\u00f3 otra por el rechazo de la v\u00edctima, que, seg\u00fan los medios, estaba fichada por la Polic\u00eda por hechos similares, a obedecer las \u00f3rdenes de los agentes y por intento de homicidio voluntario contra un funcionario.<\/p>\n<p>La defensora del pueblo, Claire H\u00e9don, tambi\u00e9n anunci\u00f3 una investigaci\u00f3n de los hechos.<\/p>\n<p>En mayo, varios pa\u00edses expresaron su preocupaci\u00f3n ante las Naciones Unidas por la violencia policial en Francia, as\u00ed como por la discriminaci\u00f3n racial, durante el examen peri\u00f3dico al que se someten cada cuatro a\u00f1os los pa\u00edses de la ONU.<\/p>\n","protected":false},"excerpt":{"rendered":"<p>El hecho relanz\u00f3 el recurrente debate sobre la violencia policial en Francia, teniendo en cuenta que ya son 13 personas las que murieron en circunstancias similares en 2022 &nbsp; &nbsp; Varias ciudades de Francia fueron escenario este martes, por segunda noche consecutiva, de disturbios en protesta por la muerte de un joven de 17 a\u00f1os baleado en un control policial, pese a los llamados a la calma por parte del gobierno, inform\u00f3 la prensa local. En Nanterre, a 15 kil\u00f3metros al oeste de Par\u00eds, donde el muchacho fue asesinado ayer,&#8230;<\/p>\n","protected":false},"author":3,"featured_media":103974,"comment_status":"closed","ping_status":"closed","sticky":false,"template":"","format":"standard","meta":[],"categories":[4],"tags":[],"_links":{"self":[{"href":"https:\/\/www.actualidadadiario.com\/index.php\/wp-json\/wp\/v2\/posts\/103973"}],"collection":[{"href":"https:\/\/www.actualidadadiario.com\/index.php\/wp-json\/wp\/v2\/posts"}],"about":[{"href":"https:\/\/www.actualidadadiario.com\/index.php\/wp-json\/wp\/v2\/types\/post"}],"author":[{"embeddable":true,"href":"https:\/\/www.actualidadadiario.com\/index.php\/wp-json\/wp\/v2\/users\/3"}],"replies":[{"embeddable":true,"href":"https:\/\/www.actualidadadiario.com\/index.php\/wp-json\/wp\/v2\/comments?post=103973"}],"version-history":[{"count":1,"href":"https:\/\/www.actualidadadiario.com\/index.php\/wp-json\/wp\/v2\/posts\/103973\/revisions"}],"predecessor-version":[{"id":103975,"href":"https:\/\/www.actualidadadiario.com\/index.php\/wp-json\/wp\/v2\/posts\/103973\/revisions\/103975"}],"wp:featuredmedia":[{"embeddable":true,"href":"https:\/\/www.actualidadadiario.com\/index.php\/wp-json\/wp\/v2\/media\/103974"}],"wp:attachment":[{"href":"https:\/\/www.actualidadadiario.com\/index.php\/wp-json\/wp\/v2\/media?parent=103973"}],"wp:term":[{"taxonomy":"category","embeddable":true,"href":"https:\/\/www.actualidadadiario.com\/index.php\/wp-json\/wp\/v2\/categories?post=103973"},{"taxonomy":"post_tag","embeddable":true,"href":"https:\/\/www.actualidadadiario.com\/index.php\/wp-json\/wp\/v2\/tags?post=103973"}],"curies":[{"name":"wp","href":"https:\/\/api.w.org\/{rel}","templated":true}]}}