{"id":103967,"date":"2023-06-29T14:30:27","date_gmt":"2023-06-29T17:30:27","guid":{"rendered":"https:\/\/www.actualidadadiario.com\/?p=103967"},"modified":"2023-06-29T14:30:27","modified_gmt":"2023-06-29T17:30:27","slug":"el-cerro-catedral-abrio-hoy-sus-pistas","status":"publish","type":"post","link":"https:\/\/www.actualidadadiario.com\/index.php\/2023\/06\/29\/el-cerro-catedral-abrio-hoy-sus-pistas\/","title":{"rendered":"El Cerro Catedral abri\u00f3 hoy sus pistas"},"content":{"rendered":"<p style=\"text-align: center;\"><em><strong>La preapertura oficial de la temporada se realizar\u00e1 a partir de las 9. Comenzar\u00e1n por el sector sur del cerro. &#8220;La idea es sumar m\u00e1s medios, a medida que las condiciones de nieve, pista y seguridad sean las adecuadas&#8221;, informaron<\/strong><\/em><\/p>\n<p>&nbsp;<\/p>\n<p>&nbsp;<\/p>\n<p>La preapertura oficial de la temporada invernal en el Cerro Catedral de la ciudad de Bariloche se realiz\u00f3 hoy, cuando abrieron algunas pistas para esqu\u00ed y snowboard y el paseo de peatones, seg\u00fan informaron desde Catedral Alta Patagonia.<\/p>\n<p>\u201cEs la preapertura oficial del centro de Esqu\u00ed, empezamos por el sector sur del Catedral y la idea es sumar m\u00e1s medios, a medida que las condiciones de nieve, pista y seguridad sean las adecuadas\u201d dijeron desde el centro. Adem\u00e1s, precisaron que la preapertura ser\u00e1 en la pista 2000, ascendiendo por la telecabina Amancay y la telesilla Diente de Caballo, desde d\u00f3nde se realizar\u00e1n las primeras bajadas del invierno.<\/p>\n<p>Actualmente se est\u00e1 fabricando nieve para el sector de la base para complementar y poder habilitar el sitio al p\u00fablico.<\/p>\n<p>Para esta preapertura habr\u00e1 una tarifa especial, seg\u00fan se anunci\u00f3, en tanto que la compra se podr\u00e1 realizar \u201c\u00fanicamente en Boletar\u00eda Amancay, de 9 a 16\u201d.<\/p>\n<p>En tanto, el resto de las monta\u00f1as tambi\u00e9n est\u00e1n inaugurando sus temporadas con fuerte ilusi\u00f3n en que ser\u00e1 un gran invierno con mucho turismo.<\/p>\n<p>&nbsp;<\/p>\n<p><strong>Ushuaia<\/strong><\/p>\n<p>La ciudad de Ushuaia inaugur\u00f3 su temporada este fin de semana en el centro invernal \u201cCerro Castor\u201d, el m\u00e1s importante de la zona, y se prepara para una temporada tur\u00edstica de invierno con \u201cgran cantidad de visitantes\u201d, seg\u00fan anticiparon autoridades del Gobierno de Tierra del Fuego.<\/p>\n<p>El movimiento de esquiadores que se trasladan desde la capital fueguina hasta Cerro Castor, situado a unos 26 kil\u00f3metros de la ciudad sobre la ruta nacional N\u00ba 3, comenz\u00f3 el viernes cuando el complejo abri\u00f3 sus puertas por primera vez desde el comienzo del invierno.<\/p>\n<p>El presidente del Instituto Fueguino de Turismo (Infuetur), Dante Querciali, anticip\u00f3 que para este a\u00f1o se espera \u201cuna gran cantidad de turistas, tanto nacionales como extranjeros\u201d a lo que hay que sumarle el movimiento interno dentro de la provincia.<\/p>\n","protected":false},"excerpt":{"rendered":"<p>La preapertura oficial de la temporada se realizar\u00e1 a partir de las 9. Comenzar\u00e1n por el sector sur del cerro. &#8220;La idea es sumar m\u00e1s medios, a medida que las condiciones de nieve, pista y seguridad sean las adecuadas&#8221;, informaron &nbsp; &nbsp; La preapertura oficial de la temporada invernal en el Cerro Catedral de la ciudad de Bariloche se realiz\u00f3 hoy, cuando abrieron algunas pistas para esqu\u00ed y snowboard y el paseo de peatones, seg\u00fan informaron desde Catedral Alta Patagonia. \u201cEs la preapertura oficial del centro de Esqu\u00ed, empezamos por&#8230;<\/p>\n","protected":false},"author":3,"featured_media":103968,"comment_status":"closed","ping_status":"closed","sticky":false,"template":"","format":"standard","meta":[],"categories":[2],"tags":[],"_links":{"self":[{"href":"https:\/\/www.actualidadadiario.com\/index.php\/wp-json\/wp\/v2\/posts\/103967"}],"collection":[{"href":"https:\/\/www.actualidadadiario.com\/index.php\/wp-json\/wp\/v2\/posts"}],"about":[{"href":"https:\/\/www.actualidadadiario.com\/index.php\/wp-json\/wp\/v2\/types\/post"}],"author":[{"embeddable":true,"href":"https:\/\/www.actualidadadiario.com\/index.php\/wp-json\/wp\/v2\/users\/3"}],"replies":[{"embeddable":true,"href":"https:\/\/www.actualidadadiario.com\/index.php\/wp-json\/wp\/v2\/comments?post=103967"}],"version-history":[{"count":1,"href":"https:\/\/www.actualidadadiario.com\/index.php\/wp-json\/wp\/v2\/posts\/103967\/revisions"}],"predecessor-version":[{"id":103969,"href":"https:\/\/www.actualidadadiario.com\/index.php\/wp-json\/wp\/v2\/posts\/103967\/revisions\/103969"}],"wp:featuredmedia":[{"embeddable":true,"href":"https:\/\/www.actualidadadiario.com\/index.php\/wp-json\/wp\/v2\/media\/103968"}],"wp:attachment":[{"href":"https:\/\/www.actualidadadiario.com\/index.php\/wp-json\/wp\/v2\/media?parent=103967"}],"wp:term":[{"taxonomy":"category","embeddable":true,"href":"https:\/\/www.actualidadadiario.com\/index.php\/wp-json\/wp\/v2\/categories?post=103967"},{"taxonomy":"post_tag","embeddable":true,"href":"https:\/\/www.actualidadadiario.com\/index.php\/wp-json\/wp\/v2\/tags?post=103967"}],"curies":[{"name":"wp","href":"https:\/\/api.w.org\/{rel}","templated":true}]}}