{"id":103964,"date":"2023-06-29T14:04:20","date_gmt":"2023-06-29T17:04:20","guid":{"rendered":"https:\/\/www.actualidadadiario.com\/?p=103964"},"modified":"2023-06-29T14:04:20","modified_gmt":"2023-06-29T17:04:20","slug":"massa-recibio-a-scioli-en-la-sede-del-ministerio-de-economia-luego-del-cierre-de-listas","status":"publish","type":"post","link":"https:\/\/www.actualidadadiario.com\/index.php\/2023\/06\/29\/massa-recibio-a-scioli-en-la-sede-del-ministerio-de-economia-luego-del-cierre-de-listas\/","title":{"rendered":"Massa recibi\u00f3 a Scioli en la sede del Ministerio de Econom\u00eda luego del cierre de listas"},"content":{"rendered":"<p style=\"text-align: center;\"><em><strong>En un gesto de unidad hacia el frente oficialista, el titular de Hacienda y precandidato a presidente se encontr\u00f3 con el embajador argentino en Brasil. Scioli se reuni\u00f3 ayer con la vicepresidenta Cristina Kirchner<\/strong><\/em><\/p>\n<p>&nbsp;<\/p>\n<p>&nbsp;<\/p>\n<p>&nbsp;<\/p>\n<p>El ministro de Econom\u00eda y precandidato presidencial de Uni\u00f3n por la Patria, Sergio Massa, se reuni\u00f3 este jueves con el embajador de la Argentina en Brasil, Daniel Scioli, luego del cierre de listas del frente oficialista Uni\u00f3n por la Patria (UxP).<\/p>\n<p>Massa recibi\u00f3 a Scioli en la explanada del Palacio de Hacienda, ubicado frente a la Plaza de Mayo, lo que fue considerado como un gesto de agradecimiento \u201cpoco habitual\u201d, por parte de los allegados del titular de la cartera econ\u00f3mica.<\/p>\n<p>Al encontrarse, Massa y Scioli se saludaron con un fuerte abrazo, pero no hicieron declaraciones a la prensa. Esta muestra de unidad tuvo lugar a d\u00edas del cierre de listas de cara a las PASO 2023 del 13 de agosto, que puso a Massa como el principal candidato de UxP y llev\u00f3 a Scioli a bajar su candidatura.<\/p>\n<p>El encuentro tuvo como objetivo analizar la agenda econ\u00f3mica de la relaci\u00f3n bilateral entre Argentina y Brasil, tal como hab\u00eda anticipado la vicepresidenta Cristina Kirchner al difundir el encuentro que comparti\u00f3 con Scioli en su despacho del Senado.<\/p>\n<p>&nbsp;<\/p>\n<p><strong>Sergio Massa arranca la campa\u00f1a centrado en la gesti\u00f3n<\/strong><\/p>\n<p>La agenda de Massa para este jueves continuar\u00e1 luego de la reuni\u00f3n con Scioli en San Andr\u00e9s de Giles para la inauguraci\u00f3n de la primera aceitera de soja verde en el pa\u00eds.<\/p>\n<p>Luego, estar\u00e1 presente para lo que ser\u00e1 la apertura de la cuarta v\u00e1lvula del gasoducto N\u00e9stor Kirchner. Se habilitar\u00e1 desde el kil\u00f3metro 89 hasta el 145, en lo que ser\u00e1 la previa a su inauguraci\u00f3n formal el pr\u00f3ximo 9 de julio.<\/p>\n<p>Posteriormente, dar\u00e1 a conocer los n\u00fameros del primer trimestre en torno a la tasa de empleo femenino en la Argentina.<\/p>\n<p>Por \u00faltimo, el titular del Palacio de Hacienda mantendr\u00e1 una de las reuniones m\u00e1s esperadas, ya que se encontrar\u00e1 con Daniel Funes de Rioja, quien ser\u00e1 reelecto al frente de la Uni\u00f3n Industrial Argentina (UIA), como cabeza de una lista de unidad, por dos a\u00f1os m\u00e1s. Se trata de un encuentro muy importante entre un aspirante a la Presidencia, m\u00e1s all\u00e1 de su rol como ministro, y uno de los empresarios m\u00e1s importantes del pa\u00eds que puede garantizarle o no el apoyo del sector.<\/p>\n<p>&nbsp;<\/p>\n<p><strong>Elecciones 2023: Massa y Scioli llevan calma al interior de Uni\u00f3n por la Patria<\/strong><\/p>\n<p>La fotograf\u00eda de Massa y Scioli, a cinco d\u00edas del cierre de listas, busca llevar una se\u00f1al de unidad hacia adentro y afuera de Uni\u00f3n por la Patria.<\/p>\n<p>El pasado viernes, Massa se consagr\u00f3 como el candidato \u00fanico de los principales en espacios que integran el oficialismo y Daniel Scioli debi\u00f3 bajar su precandidatura presidencial.<\/p>\n<p>Tras bajarse de la postulaci\u00f3n presidencial se supo que Scioli hab\u00eda pedido una foto con Massa, algo que se materializ\u00f3 este jueves con el objetivo formal de analizar el v\u00ednculo bilateral con el pa\u00eds vecino.<\/p>\n<p>Adem\u00e1s, despu\u00e9s de participar ayer en una reuni\u00f3n de Gabinete encabezada por su compa\u00f1ero de f\u00f3rmula y jefe de ministros, Agust\u00edn Rossi, Massa continu\u00f3 con una serie de encuentros pol\u00edticos y recibi\u00f3 al gobernador de La Pampa, Sergio Zillioto.<\/p>\n<p>Junto al secretario de Agricultura, Juan Jos\u00e9 Bahillo, el l\u00edder del Frente Renovador firm\u00f3 convenios con el mandatario pampeano para fortalecer la industria ganadera de la provincia.<\/p>\n<p>En tanto, tuvo un encuentro similar con el gobernador de Entre R\u00edos, Gustavo Bordet, con el objetivo de firmar un convenio de transferencia por 800 millones de pesos para asistir a productores afectados por la sequ\u00eda.<\/p>\n<p>Particip\u00f3 tambi\u00e9n el titular de la Aduana, Guillermo Michel, con quien analizaron la situaci\u00f3n de los tres pasos fronterizos que la provincia comparte con Uruguay, la Aduana de Gualeguaych\u00fa, Col\u00f3n y Concordia, y el impacto que genera la puesta en marcha de la obra del Aeropuerto Internacional de Concordia.<\/p>\n","protected":false},"excerpt":{"rendered":"<p>En un gesto de unidad hacia el frente oficialista, el titular de Hacienda y precandidato a presidente se encontr\u00f3 con el embajador argentino en Brasil. Scioli se reuni\u00f3 ayer con la vicepresidenta Cristina Kirchner &nbsp; &nbsp; &nbsp; El ministro de Econom\u00eda y precandidato presidencial de Uni\u00f3n por la Patria, Sergio Massa, se reuni\u00f3 este jueves con el embajador de la Argentina en Brasil, Daniel Scioli, luego del cierre de listas del frente oficialista Uni\u00f3n por la Patria (UxP). Massa recibi\u00f3 a Scioli en la explanada del Palacio de Hacienda, ubicado&#8230;<\/p>\n","protected":false},"author":3,"featured_media":103965,"comment_status":"closed","ping_status":"closed","sticky":false,"template":"","format":"standard","meta":[],"categories":[18],"tags":[],"_links":{"self":[{"href":"https:\/\/www.actualidadadiario.com\/index.php\/wp-json\/wp\/v2\/posts\/103964"}],"collection":[{"href":"https:\/\/www.actualidadadiario.com\/index.php\/wp-json\/wp\/v2\/posts"}],"about":[{"href":"https:\/\/www.actualidadadiario.com\/index.php\/wp-json\/wp\/v2\/types\/post"}],"author":[{"embeddable":true,"href":"https:\/\/www.actualidadadiario.com\/index.php\/wp-json\/wp\/v2\/users\/3"}],"replies":[{"embeddable":true,"href":"https:\/\/www.actualidadadiario.com\/index.php\/wp-json\/wp\/v2\/comments?post=103964"}],"version-history":[{"count":1,"href":"https:\/\/www.actualidadadiario.com\/index.php\/wp-json\/wp\/v2\/posts\/103964\/revisions"}],"predecessor-version":[{"id":103966,"href":"https:\/\/www.actualidadadiario.com\/index.php\/wp-json\/wp\/v2\/posts\/103964\/revisions\/103966"}],"wp:featuredmedia":[{"embeddable":true,"href":"https:\/\/www.actualidadadiario.com\/index.php\/wp-json\/wp\/v2\/media\/103965"}],"wp:attachment":[{"href":"https:\/\/www.actualidadadiario.com\/index.php\/wp-json\/wp\/v2\/media?parent=103964"}],"wp:term":[{"taxonomy":"category","embeddable":true,"href":"https:\/\/www.actualidadadiario.com\/index.php\/wp-json\/wp\/v2\/categories?post=103964"},{"taxonomy":"post_tag","embeddable":true,"href":"https:\/\/www.actualidadadiario.com\/index.php\/wp-json\/wp\/v2\/tags?post=103964"}],"curies":[{"name":"wp","href":"https:\/\/api.w.org\/{rel}","templated":true}]}}