{"id":103961,"date":"2023-06-29T13:58:30","date_gmt":"2023-06-29T16:58:30","guid":{"rendered":"https:\/\/www.actualidadadiario.com\/?p=103961"},"modified":"2023-06-29T13:58:30","modified_gmt":"2023-06-29T16:58:30","slug":"rodriguez-larreta-presento-su-agenda-laboral-la-diferencia-la-hace-el-como-las-propuestas-concretas","status":"publish","type":"post","link":"https:\/\/www.actualidadadiario.com\/index.php\/2023\/06\/29\/rodriguez-larreta-presento-su-agenda-laboral-la-diferencia-la-hace-el-como-las-propuestas-concretas\/","title":{"rendered":"Rodr\u00edguez Larreta present\u00f3 su agenda laboral: &#8220;La diferencia la hace el c\u00f3mo, las propuestas concretas&#8221;"},"content":{"rendered":"<p style=\"text-align: center;\"><em><strong>El precandidato presidencial de Juntos por el Cambio dio detalles de algunas iniciativas que aspira a impulsar en caso de llegar a la Casa Rosada<\/strong><\/em><\/p>\n<p>&nbsp;<\/p>\n<p>&nbsp;<\/p>\n<p>El precandidato presidencial de Juntos por el Cambio Horacio Rodr\u00edguez Larreta asegur\u00f3 que en la campa\u00f1a electoral &#8220;la diferencia la hace el c\u00f3mo, las propuestas concretas&#8221;.<\/p>\n<p>&#8220;Todos los candidatos van a decir, \u00b4Vamos a generar trabajo\u00b4, pero van a ser t\u00edtulos grandilocuentes que no significan nada&#8221;, sostuvo el jefe de Gobierno porte\u00f1o.<\/p>\n<p>Acompa\u00f1ado por su compa\u00f1ero de f\u00f3rmula, Gerardo Morales, el referente del PRO subray\u00f3 que &#8220;la diferencia la hace el c\u00f3mo&#8221; y remarc\u00f3: &#8220;Nosotros vamos a ir al c\u00f3mo, con propuestas concretas&#8221;.<\/p>\n<p>Al se\u00f1alar que si es Presidente, impulsar\u00e1 &#8220;grandes revoluciones&#8221;, como en el mundo laboral, Rodr\u00edguez Larreta indic\u00f3 que pondr\u00e1 sus esfuerzos en &#8220;dos pilares: generar m\u00e1s trabajo formal, facilitando la creaci\u00f3n de empresas y bajando impuestos nacionales; y terminar con la industria del juicio laboral&#8221;.<\/p>\n<p>As\u00ed, el postulante presidencial cont\u00f3 que apunta a &#8220;formalizar tres millones de personas&#8221;, as\u00ed como ratific\u00f3 su intenci\u00f3n de modificar el r\u00e9gimen de multas.<\/p>\n<p>Otra de las iniciativas que quiere impulsar es extender el per\u00edodo de prueba de tres a seis meses: &#8220;Es clave para las PyMEs. Si logramos que cada PyME contrate a una persona m\u00e1s en nuestro per\u00edodo de Gobierno, el empleo privado puede crecer m\u00e1s que en los trece a\u00f1os anteriores. Es un objetivo cumplible&#8221;.<\/p>\n<p>&#8220;Un fondo de cese para los empleados de alta rotaci\u00f3n, como gastronom\u00eda, turismo. Van a tener un ingreso cuando terminen su contrato y a los se les da previsibilidad y reglas claras&#8221;, a\u00f1adi\u00f3 desde una empresa a la que visit\u00f3 en Corrientes.<\/p>\n<p>Adem\u00e1s, apunt\u00f3 contra los sindicatos y se comprometi\u00f3 a &#8220;garantizar la seguridad del trabajo y terminar con esto de que un extorsionador te cruza un cami\u00f3n y te bloquea el funcionamiento de una f\u00e1brica&#8221;.<\/p>\n<p>&#8220;La extorsi\u00f3n no va a tener lugar. Vamos a usar la Fuerza de Seguridad si es necesario, con toda la fuerza de la ley y la Constituci\u00f3n en la mano&#8221;, indic\u00f3 Rodr\u00edguez Larreta.<\/p>\n<p>El precandidato presidencial coment\u00f3 que pretende &#8220;acompa\u00f1ar a los trabajadores independiente&#8221; y afirm\u00f3 que est\u00e1 trabajando &#8220;en un nuevo r\u00e9gimen para que puedan acceder a licencias por nacimiento, ART&#8221;.<\/p>\n<p>&#8220;Vamos a crear un nuevo esquema para los trabajadores de plataformas, que hoy no est\u00e1n contemplados. Hay miles de fuentes de trabajo en los Uber, Rappi, que no est\u00e1n contemplados en la normativa&#8221;, plante\u00f3.<\/p>\n<p>Asimismo, el referente del PRO se\u00f1al\u00f3 que pretende impulsar que haya &#8220;m\u00e1s trabajadores capacitados&#8221; y &#8220;transformar los planes sociales en planes de trabajo y sacar a los intermediarios&#8221;.<\/p>\n<p>&#8220;\u00c9stas son propuestas concretas para que el trabajo vuelva a tener la prioridad en la Argentina&#8221;, manifest\u00f3.<\/p>\n","protected":false},"excerpt":{"rendered":"<p>El precandidato presidencial de Juntos por el Cambio dio detalles de algunas iniciativas que aspira a impulsar en caso de llegar a la Casa Rosada &nbsp; &nbsp; El precandidato presidencial de Juntos por el Cambio Horacio Rodr\u00edguez Larreta asegur\u00f3 que en la campa\u00f1a electoral &#8220;la diferencia la hace el c\u00f3mo, las propuestas concretas&#8221;. &#8220;Todos los candidatos van a decir, \u00b4Vamos a generar trabajo\u00b4, pero van a ser t\u00edtulos grandilocuentes que no significan nada&#8221;, sostuvo el jefe de Gobierno porte\u00f1o. Acompa\u00f1ado por su compa\u00f1ero de f\u00f3rmula, Gerardo Morales, el referente del&#8230;<\/p>\n","protected":false},"author":3,"featured_media":103962,"comment_status":"closed","ping_status":"closed","sticky":false,"template":"","format":"standard","meta":[],"categories":[18],"tags":[],"_links":{"self":[{"href":"https:\/\/www.actualidadadiario.com\/index.php\/wp-json\/wp\/v2\/posts\/103961"}],"collection":[{"href":"https:\/\/www.actualidadadiario.com\/index.php\/wp-json\/wp\/v2\/posts"}],"about":[{"href":"https:\/\/www.actualidadadiario.com\/index.php\/wp-json\/wp\/v2\/types\/post"}],"author":[{"embeddable":true,"href":"https:\/\/www.actualidadadiario.com\/index.php\/wp-json\/wp\/v2\/users\/3"}],"replies":[{"embeddable":true,"href":"https:\/\/www.actualidadadiario.com\/index.php\/wp-json\/wp\/v2\/comments?post=103961"}],"version-history":[{"count":1,"href":"https:\/\/www.actualidadadiario.com\/index.php\/wp-json\/wp\/v2\/posts\/103961\/revisions"}],"predecessor-version":[{"id":103963,"href":"https:\/\/www.actualidadadiario.com\/index.php\/wp-json\/wp\/v2\/posts\/103961\/revisions\/103963"}],"wp:featuredmedia":[{"embeddable":true,"href":"https:\/\/www.actualidadadiario.com\/index.php\/wp-json\/wp\/v2\/media\/103962"}],"wp:attachment":[{"href":"https:\/\/www.actualidadadiario.com\/index.php\/wp-json\/wp\/v2\/media?parent=103961"}],"wp:term":[{"taxonomy":"category","embeddable":true,"href":"https:\/\/www.actualidadadiario.com\/index.php\/wp-json\/wp\/v2\/categories?post=103961"},{"taxonomy":"post_tag","embeddable":true,"href":"https:\/\/www.actualidadadiario.com\/index.php\/wp-json\/wp\/v2\/tags?post=103961"}],"curies":[{"name":"wp","href":"https:\/\/api.w.org\/{rel}","templated":true}]}}