{"id":103955,"date":"2023-06-29T13:19:10","date_gmt":"2023-06-29T16:19:10","guid":{"rendered":"https:\/\/www.actualidadadiario.com\/?p=103955"},"modified":"2023-06-29T13:19:10","modified_gmt":"2023-06-29T16:19:10","slug":"tiene-fecha-de-llegada-a-la-region-el-veranito-en-pleno-invierno","status":"publish","type":"post","link":"https:\/\/www.actualidadadiario.com\/index.php\/2023\/06\/29\/tiene-fecha-de-llegada-a-la-region-el-veranito-en-pleno-invierno\/","title":{"rendered":"Tiene fecha de llegada a la regi\u00f3n el \u201cveranito\u201d en pleno invierno"},"content":{"rendered":"<p style=\"text-align: center;\"><em><strong>De acuerdo a lo que informa el Servicio Meteorol\u00f3gico Nacional, el term\u00f3metro volver\u00e1 a tener marcas sumamente elevadas para esta \u00e9poca del a\u00f1o<\/strong><\/em><\/p>\n<p>&nbsp;<\/p>\n<p>&nbsp;<\/p>\n<p>El organismo oficial del clima anticipa que la curva ascendente en la temperatura arrancar\u00e1 con el fin de semana que se aproxima, aunque los d\u00edas jueves y viernes estar\u00e1n relativamente frescos, con marcas de hasta 5\u00b0.<\/p>\n<p>La diferencia comenzar\u00eda a ser notoria a partir del s\u00e1bado, con una m\u00ednima de 12\u00b0 y una m\u00e1xima de 20\u00b0. Marcas que pasar\u00edan, respectivamente, a 14\u00b0 y a 24\u00b0. Mientras que el domingo la marca m\u00e1s elevada llegar\u00eda a 24\u00b0, el lunes a 26\u00b0 y el martes a los 27\u00b0.<\/p>\n","protected":false},"excerpt":{"rendered":"<p>De acuerdo a lo que informa el Servicio Meteorol\u00f3gico Nacional, el term\u00f3metro volver\u00e1 a tener marcas sumamente elevadas para esta \u00e9poca del a\u00f1o &nbsp; &nbsp; El organismo oficial del clima anticipa que la curva ascendente en la temperatura arrancar\u00e1 con el fin de semana que se aproxima, aunque los d\u00edas jueves y viernes estar\u00e1n relativamente frescos, con marcas de hasta 5\u00b0. La diferencia comenzar\u00eda a ser notoria a partir del s\u00e1bado, con una m\u00ednima de 12\u00b0 y una m\u00e1xima de 20\u00b0. Marcas que pasar\u00edan, respectivamente, a 14\u00b0 y a 24\u00b0&#8230;.<\/p>\n","protected":false},"author":3,"featured_media":89008,"comment_status":"closed","ping_status":"closed","sticky":false,"template":"","format":"standard","meta":[],"categories":[15],"tags":[],"_links":{"self":[{"href":"https:\/\/www.actualidadadiario.com\/index.php\/wp-json\/wp\/v2\/posts\/103955"}],"collection":[{"href":"https:\/\/www.actualidadadiario.com\/index.php\/wp-json\/wp\/v2\/posts"}],"about":[{"href":"https:\/\/www.actualidadadiario.com\/index.php\/wp-json\/wp\/v2\/types\/post"}],"author":[{"embeddable":true,"href":"https:\/\/www.actualidadadiario.com\/index.php\/wp-json\/wp\/v2\/users\/3"}],"replies":[{"embeddable":true,"href":"https:\/\/www.actualidadadiario.com\/index.php\/wp-json\/wp\/v2\/comments?post=103955"}],"version-history":[{"count":1,"href":"https:\/\/www.actualidadadiario.com\/index.php\/wp-json\/wp\/v2\/posts\/103955\/revisions"}],"predecessor-version":[{"id":103956,"href":"https:\/\/www.actualidadadiario.com\/index.php\/wp-json\/wp\/v2\/posts\/103955\/revisions\/103956"}],"wp:featuredmedia":[{"embeddable":true,"href":"https:\/\/www.actualidadadiario.com\/index.php\/wp-json\/wp\/v2\/media\/89008"}],"wp:attachment":[{"href":"https:\/\/www.actualidadadiario.com\/index.php\/wp-json\/wp\/v2\/media?parent=103955"}],"wp:term":[{"taxonomy":"category","embeddable":true,"href":"https:\/\/www.actualidadadiario.com\/index.php\/wp-json\/wp\/v2\/categories?post=103955"},{"taxonomy":"post_tag","embeddable":true,"href":"https:\/\/www.actualidadadiario.com\/index.php\/wp-json\/wp\/v2\/tags?post=103955"}],"curies":[{"name":"wp","href":"https:\/\/api.w.org\/{rel}","templated":true}]}}