{"id":103952,"date":"2023-06-29T13:18:06","date_gmt":"2023-06-29T16:18:06","guid":{"rendered":"https:\/\/www.actualidadadiario.com\/?p=103952"},"modified":"2023-06-29T13:18:06","modified_gmt":"2023-06-29T16:18:06","slug":"una-campana-de-nacion-llega-a-entre-rios","status":"publish","type":"post","link":"https:\/\/www.actualidadadiario.com\/index.php\/2023\/06\/29\/una-campana-de-nacion-llega-a-entre-rios\/","title":{"rendered":"Una campa\u00f1a de Naci\u00f3n llega a Entre R\u00edos"},"content":{"rendered":"<p style=\"text-align: center;\"><em><strong>La Comisi\u00f3n Nacional por el Derecho a la Identidad (CoNaDI), en conjunto con la Subsecretar\u00eda de Derechos Humanos y el Registro \u00danico de la Verdad de Entre R\u00edos, anuncian la realizaci\u00f3n de una actividad en el marco de la Campa\u00f1a Federal por el Derecho a la Identidad Biol\u00f3gica. El objetivo es promocionar el trabajo del Programa Nacional sobre el Derecho a la Identidad Biol\u00f3gica, en la ciudad de Paran\u00e1<\/strong><\/em><\/p>\n<p>&nbsp;<\/p>\n<p>&nbsp;<\/p>\n<p>La actividad tendr\u00e1 lugar el mi\u00e9rcoles 5 de julio a las 9.30 en la sala Ver\u00f3nica Kuttel del Centro Cultural y de Convenciones La Vieja Usina, ubicado en la calle Gregoria Matorras de San Mart\u00edn.<\/p>\n<p>Conformada originalmente como una Comisi\u00f3n T\u00e9cnica especializada en impulsar la b\u00fasqueda de ni\u00f1os desaparecidos durante la \u00faltima dictadura c\u00edvico-militar, la CoNaDI ampli\u00f3 su alcance a partir de la incorporaci\u00f3n del Programa Nacional sobre el Derecho a la Identidad Biol\u00f3gica, buscando abordar la problem\u00e1tica de la vulneraci\u00f3n del derecho a la identidad en casos no vinculados a los cr\u00edmenes de lesa humanidad.<\/p>\n<p>Actualmente la CoNaDI recibe a todas las personas nacidas en Argentina que desconocen sus or\u00edgenes biol\u00f3gicos y a quienes buscan hijos nacidos en Argentina y de quienes se vieron separados al nacer.<\/p>\n<p>\u201cResulta fundamental el trabajo conjunto entre los estados nacionales, provinciales y municipales, para lograr una intervenci\u00f3n federal de esta problem\u00e1tica\u201d, se\u00f1alan desde el organismo.<\/p>\n<p>A la vez, resaltan que \u201cson miles las personas que a la fecha se han acercado al Programa en busca de conocer sus or\u00edgenes biol\u00f3gicos\u201d. Debido a esto, la CoNaDI y la Secretar\u00eda de Derechos Humanos de la Naci\u00f3n lanzaron la campa\u00f1a de difusi\u00f3n \u201cMam\u00e1s que buscan\u201d, convocando a las madres que buscan a sus hijos nacidos en Argentina y de quienes se vieron separadas en el momento de su nacimiento. Las interesadas pueden acercarse a la Comisi\u00f3n Nacional por el Derecho a la Identidad y registrar su caso para impulsar su b\u00fasqueda.<\/p>\n<p>En tanto, la Campa\u00f1a Federal por el Derecho a la Identidad Biol\u00f3gica se propone potenciar el alcance de esta convocatoria, realizando actividades de divulgaci\u00f3n en distintas localidades del territorio nacional y recibiendo en cada lugar a quienes deseen registrar su caso o aportar informaci\u00f3n.<\/p>\n<p>Para comunicarse con la CoNaDI: 0800-222-266234 identidadbiologica@jus.gob.ar o conadi@jus.gob.ar.<\/p>\n","protected":false},"excerpt":{"rendered":"<p>La Comisi\u00f3n Nacional por el Derecho a la Identidad (CoNaDI), en conjunto con la Subsecretar\u00eda de Derechos Humanos y el Registro \u00danico de la Verdad de Entre R\u00edos, anuncian la realizaci\u00f3n de una actividad en el marco de la Campa\u00f1a Federal por el Derecho a la Identidad Biol\u00f3gica. El objetivo es promocionar el trabajo del Programa Nacional sobre el Derecho a la Identidad Biol\u00f3gica, en la ciudad de Paran\u00e1 &nbsp; &nbsp; La actividad tendr\u00e1 lugar el mi\u00e9rcoles 5 de julio a las 9.30 en la sala Ver\u00f3nica Kuttel del Centro&#8230;<\/p>\n","protected":false},"author":3,"featured_media":103953,"comment_status":"closed","ping_status":"closed","sticky":false,"template":"","format":"standard","meta":[],"categories":[9,15],"tags":[],"_links":{"self":[{"href":"https:\/\/www.actualidadadiario.com\/index.php\/wp-json\/wp\/v2\/posts\/103952"}],"collection":[{"href":"https:\/\/www.actualidadadiario.com\/index.php\/wp-json\/wp\/v2\/posts"}],"about":[{"href":"https:\/\/www.actualidadadiario.com\/index.php\/wp-json\/wp\/v2\/types\/post"}],"author":[{"embeddable":true,"href":"https:\/\/www.actualidadadiario.com\/index.php\/wp-json\/wp\/v2\/users\/3"}],"replies":[{"embeddable":true,"href":"https:\/\/www.actualidadadiario.com\/index.php\/wp-json\/wp\/v2\/comments?post=103952"}],"version-history":[{"count":1,"href":"https:\/\/www.actualidadadiario.com\/index.php\/wp-json\/wp\/v2\/posts\/103952\/revisions"}],"predecessor-version":[{"id":103954,"href":"https:\/\/www.actualidadadiario.com\/index.php\/wp-json\/wp\/v2\/posts\/103952\/revisions\/103954"}],"wp:featuredmedia":[{"embeddable":true,"href":"https:\/\/www.actualidadadiario.com\/index.php\/wp-json\/wp\/v2\/media\/103953"}],"wp:attachment":[{"href":"https:\/\/www.actualidadadiario.com\/index.php\/wp-json\/wp\/v2\/media?parent=103952"}],"wp:term":[{"taxonomy":"category","embeddable":true,"href":"https:\/\/www.actualidadadiario.com\/index.php\/wp-json\/wp\/v2\/categories?post=103952"},{"taxonomy":"post_tag","embeddable":true,"href":"https:\/\/www.actualidadadiario.com\/index.php\/wp-json\/wp\/v2\/tags?post=103952"}],"curies":[{"name":"wp","href":"https:\/\/api.w.org\/{rel}","templated":true}]}}