{"id":103950,"date":"2023-06-29T13:17:17","date_gmt":"2023-06-29T16:17:17","guid":{"rendered":"https:\/\/www.actualidadadiario.com\/?p=103950"},"modified":"2023-06-29T13:17:17","modified_gmt":"2023-06-29T16:17:17","slug":"frigerio-y-galimberti-estaran-hoy-en-concordia","status":"publish","type":"post","link":"https:\/\/www.actualidadadiario.com\/index.php\/2023\/06\/29\/frigerio-y-galimberti-estaran-hoy-en-concordia\/","title":{"rendered":"Frigerio y Galimberti estar\u00e1n hoy en Concordia"},"content":{"rendered":"<p style=\"text-align: center;\"><em><strong>Esto suceder\u00e1 en el medio de una encendida campa\u00f1a en el interior de JxC en Entre R\u00edos, tras la imposibilidad que ha tenido Galimberti de pegar su boleta con la de los precandidatos a presidente (Bullrich y Rodr\u00edguez Larreta)<\/strong><\/em><\/p>\n<p>&nbsp;<\/p>\n<p>&nbsp;<\/p>\n<p>El actual diputado nacional recurri\u00f3 a la Justicia Electoral para solicitar que le habiliten el pegado de boletas. \u201cSi no nos dan, bueno, que no nos den, las elecciones se ganan o se pierden por muy pocos votos\u201d, afirm\u00f3 el radical.<\/p>\n<p>Al respecto, esta semana desde Col\u00f3n tambi\u00e9n habl\u00f3 su contrincante: \u201cLa decisi\u00f3n de pegado es de los candidatos a presidente, el candidato a gobernador no lo decide\u201d, record\u00f3 Frigerio y ampli\u00f3: \u201ctenemos que estar juntos, deponer los intereses personales y partidarios para poner primero el inter\u00e9s de la gente\u201d.<\/p>\n","protected":false},"excerpt":{"rendered":"<p>Esto suceder\u00e1 en el medio de una encendida campa\u00f1a en el interior de JxC en Entre R\u00edos, tras la imposibilidad que ha tenido Galimberti de pegar su boleta con la de los precandidatos a presidente (Bullrich y Rodr\u00edguez Larreta) &nbsp; &nbsp; El actual diputado nacional recurri\u00f3 a la Justicia Electoral para solicitar que le habiliten el pegado de boletas. \u201cSi no nos dan, bueno, que no nos den, las elecciones se ganan o se pierden por muy pocos votos\u201d, afirm\u00f3 el radical. Al respecto, esta semana desde Col\u00f3n tambi\u00e9n habl\u00f3&#8230;<\/p>\n","protected":false},"author":3,"featured_media":75304,"comment_status":"closed","ping_status":"closed","sticky":false,"template":"","format":"standard","meta":[],"categories":[15],"tags":[],"_links":{"self":[{"href":"https:\/\/www.actualidadadiario.com\/index.php\/wp-json\/wp\/v2\/posts\/103950"}],"collection":[{"href":"https:\/\/www.actualidadadiario.com\/index.php\/wp-json\/wp\/v2\/posts"}],"about":[{"href":"https:\/\/www.actualidadadiario.com\/index.php\/wp-json\/wp\/v2\/types\/post"}],"author":[{"embeddable":true,"href":"https:\/\/www.actualidadadiario.com\/index.php\/wp-json\/wp\/v2\/users\/3"}],"replies":[{"embeddable":true,"href":"https:\/\/www.actualidadadiario.com\/index.php\/wp-json\/wp\/v2\/comments?post=103950"}],"version-history":[{"count":1,"href":"https:\/\/www.actualidadadiario.com\/index.php\/wp-json\/wp\/v2\/posts\/103950\/revisions"}],"predecessor-version":[{"id":103951,"href":"https:\/\/www.actualidadadiario.com\/index.php\/wp-json\/wp\/v2\/posts\/103950\/revisions\/103951"}],"wp:featuredmedia":[{"embeddable":true,"href":"https:\/\/www.actualidadadiario.com\/index.php\/wp-json\/wp\/v2\/media\/75304"}],"wp:attachment":[{"href":"https:\/\/www.actualidadadiario.com\/index.php\/wp-json\/wp\/v2\/media?parent=103950"}],"wp:term":[{"taxonomy":"category","embeddable":true,"href":"https:\/\/www.actualidadadiario.com\/index.php\/wp-json\/wp\/v2\/categories?post=103950"},{"taxonomy":"post_tag","embeddable":true,"href":"https:\/\/www.actualidadadiario.com\/index.php\/wp-json\/wp\/v2\/tags?post=103950"}],"curies":[{"name":"wp","href":"https:\/\/api.w.org\/{rel}","templated":true}]}}