{"id":103948,"date":"2023-06-29T13:15:53","date_gmt":"2023-06-29T16:15:53","guid":{"rendered":"https:\/\/www.actualidadadiario.com\/?p=103948"},"modified":"2023-06-29T13:15:53","modified_gmt":"2023-06-29T16:15:53","slug":"se-extiende-el-plan-de-regularizacion-tributaria-2023","status":"publish","type":"post","link":"https:\/\/www.actualidadadiario.com\/index.php\/2023\/06\/29\/se-extiende-el-plan-de-regularizacion-tributaria-2023\/","title":{"rendered":"Se extiende el Plan de regularizaci\u00f3n tributaria 2023"},"content":{"rendered":"<p style=\"text-align: center;\"><em><strong>La nueva fecha de cierre se estableci\u00f3 para el 30 de julio. Hasta el momento el esquema suma 33 mil planes suscritos<\/strong><\/em><\/p>\n<p>&nbsp;<\/p>\n<p>&nbsp;<\/p>\n<p>La Administradora Tributaria de Entre R\u00edos (ATER) resolvi\u00f3, mediante resoluci\u00f3n 184\/23, extender el per\u00edodo de vigencia del Plan de Regularizaciones 2023 iniciado el 1 de junio. Ser\u00e1 por 30 d\u00edas conservando las mismas condiciones y beneficios del decreto 1313\/23.<\/p>\n<p>El titular de ATER, Germ\u00e1n Gran\u00e9, expres\u00f3 satisfacci\u00f3n en tanto \u201cen ning\u00fan momento se ha frenado el inter\u00e9s por adherir; y precisamente este programa apunta a que los entrerrianos que a\u00fan faltan, puedan estar al d\u00eda y acceder a los beneficios en cuyos fundamentos impuls\u00f3 al gobernador al establecer este plan como manera de llevar alivio fiscal &#8220;.<\/p>\n<p>Asimismo, destac\u00f3 las facilidades en materia de servicios ofrecidas una vez m\u00e1s por la ATER al se\u00f1alar que &#8221; seis de cada diez planes suscritos fueron procesados v\u00eda web aun siendo optativo para los peque\u00f1os deudores, que son quienes representan la mayor\u00eda de los casos&#8221;<\/p>\n<p>El plan de regularizaci\u00f3n fiscal 2023 establecido mediante el Decreto 1313\/23 M.E.H.F se encuentra en vigencia desde el pasado 1 de junio y permite la cancelaci\u00f3n voluntaria de obligaciones de peque\u00f1os, medianos y grandes deudores, otorgando hasta 24 cuotas e importantes reducciones de multas e intereses para los grupos de contribuyentes m\u00e1s peque\u00f1os.<\/p>\n<p>&nbsp;<\/p>\n<p><strong>Sin cambios en los requisitos<\/strong><\/p>\n<p>Desde el \u00e1rea de impuestos, explicaron que con la extensi\u00f3n el esquema de requisitos para acceder a los beneficios permanecer\u00e1 sin variaciones.<\/p>\n<p>Finalmente, recordaron las v\u00edas para consultar detalles, beneficios y obtener turnos de atenci\u00f3n o asistencia con videotutoriales para la autogesti\u00f3n del beneficio, pueden ingresar en la web del organismo ater.gob.ar, o comunicarse con Servicio de Atenci\u00f3n al Contribuyente al 0810-888-2837 (ATER) de lunes a viernes de 8 a 13 hs o via mail a consultas@ater.gob.ar.<\/p>\n","protected":false},"excerpt":{"rendered":"<p>La nueva fecha de cierre se estableci\u00f3 para el 30 de julio. Hasta el momento el esquema suma 33 mil planes suscritos &nbsp; &nbsp; La Administradora Tributaria de Entre R\u00edos (ATER) resolvi\u00f3, mediante resoluci\u00f3n 184\/23, extender el per\u00edodo de vigencia del Plan de Regularizaciones 2023 iniciado el 1 de junio. Ser\u00e1 por 30 d\u00edas conservando las mismas condiciones y beneficios del decreto 1313\/23. El titular de ATER, Germ\u00e1n Gran\u00e9, expres\u00f3 satisfacci\u00f3n en tanto \u201cen ning\u00fan momento se ha frenado el inter\u00e9s por adherir; y precisamente este programa apunta a que&#8230;<\/p>\n","protected":false},"author":3,"featured_media":50932,"comment_status":"closed","ping_status":"closed","sticky":false,"template":"","format":"standard","meta":[],"categories":[15],"tags":[],"_links":{"self":[{"href":"https:\/\/www.actualidadadiario.com\/index.php\/wp-json\/wp\/v2\/posts\/103948"}],"collection":[{"href":"https:\/\/www.actualidadadiario.com\/index.php\/wp-json\/wp\/v2\/posts"}],"about":[{"href":"https:\/\/www.actualidadadiario.com\/index.php\/wp-json\/wp\/v2\/types\/post"}],"author":[{"embeddable":true,"href":"https:\/\/www.actualidadadiario.com\/index.php\/wp-json\/wp\/v2\/users\/3"}],"replies":[{"embeddable":true,"href":"https:\/\/www.actualidadadiario.com\/index.php\/wp-json\/wp\/v2\/comments?post=103948"}],"version-history":[{"count":1,"href":"https:\/\/www.actualidadadiario.com\/index.php\/wp-json\/wp\/v2\/posts\/103948\/revisions"}],"predecessor-version":[{"id":103949,"href":"https:\/\/www.actualidadadiario.com\/index.php\/wp-json\/wp\/v2\/posts\/103948\/revisions\/103949"}],"wp:featuredmedia":[{"embeddable":true,"href":"https:\/\/www.actualidadadiario.com\/index.php\/wp-json\/wp\/v2\/media\/50932"}],"wp:attachment":[{"href":"https:\/\/www.actualidadadiario.com\/index.php\/wp-json\/wp\/v2\/media?parent=103948"}],"wp:term":[{"taxonomy":"category","embeddable":true,"href":"https:\/\/www.actualidadadiario.com\/index.php\/wp-json\/wp\/v2\/categories?post=103948"},{"taxonomy":"post_tag","embeddable":true,"href":"https:\/\/www.actualidadadiario.com\/index.php\/wp-json\/wp\/v2\/tags?post=103948"}],"curies":[{"name":"wp","href":"https:\/\/api.w.org\/{rel}","templated":true}]}}