{"id":103941,"date":"2023-06-29T13:13:49","date_gmt":"2023-06-29T16:13:49","guid":{"rendered":"https:\/\/www.actualidadadiario.com\/?p=103941"},"modified":"2023-06-29T13:13:49","modified_gmt":"2023-06-29T16:13:49","slug":"bordet-sostuvo-que-massa-expresa-la-unidad-que-impulsaban-los-gobernadores","status":"publish","type":"post","link":"https:\/\/www.actualidadadiario.com\/index.php\/2023\/06\/29\/bordet-sostuvo-que-massa-expresa-la-unidad-que-impulsaban-los-gobernadores\/","title":{"rendered":"Bordet sostuvo que Massa expresa la unidad que impulsaban los gobernadores"},"content":{"rendered":"<p style=\"text-align: center;\"><em><strong>El gobernador Gustavo Bordet afirm\u00f3 que la candidatura a presidente de Sergio Massa y a vicepresidente de Agust\u00edn Rossi es \u201clo que los gobernadores ven\u00edamos solicitando\u201d<\/strong><\/em><\/p>\n<p>&nbsp;<\/p>\n<p>&nbsp;<\/p>\n<p>Tambi\u00e9n sostuvo que \u201cfalta mucho para hacer en Entre R\u00edos y Ad\u00e1n Bahl es quien puede llevarlo adelante\u201d.<\/p>\n<p>El mandatario entrerriano, quien competir\u00e1 como candidato a diputado nacional en las pr\u00f3ximas elecciones, se reuni\u00f3 con el ministro de Econom\u00eda Sergio Massa con quien acord\u00f3 extender la emergencia agropecuaria en su provincia para asistir a los productores afectados por la sequ\u00eda, para lo cual se invertir\u00e1n 800 millones de pesos. En ese marco, subray\u00f3 que el binomio Massa-Rossi constituye una \u201cf\u00f3rmula unificada\u201d, y que es \u201clo que los gobernadores ven\u00edamos solicitando para tener un triunfo electoral en las PASO, en las elecciones generales y, de manera particular, en Entre R\u00edos\u201d.<\/p>\n<p>\u201cSomos de las pocas provincias en las que las elecciones provinciales ser\u00e1n concurrentes con las nacionales, tanto en las PASO como en las generales. Por eso era muy necesario contar con una candidatura a presidente y vice que tenga un impulso muy positivo en Entre R\u00edos, y claramente esta f\u00f3rmula, con Sergio Massa y Agust\u00edn Rossi, va en ese sentido\u201d, a\u00f1adi\u00f3 el actual mandatario.<\/p>\n<p>&nbsp;<\/p>\n<p><strong>\u00a0\u201cSuperar lo que hemos hecho\u201d<\/strong><\/p>\n<p>Por otra parte, Bordet se refiri\u00f3 a su candidatura como primer diputado nacional, y remarc\u00f3 que \u201cestamos trabajando fuertemente para que nuestro candidato a gobernador, Ad\u00e1n Bahl, pueda superar lo que hemos hecho en la provincia y seguir generando acciones que propendan al desarrollo\u201d.<\/p>\n<p>\u201cHoy Entre R\u00edos es una provincia ordenada fiscal y financieramente, donde hay paz social. Acabamos de firmar un aumento para el sector docente y estamos a punto de cerrar una paritaria para todo el a\u00f1o. Este a\u00f1o no hemos tenido ni un solo d\u00eda sin clases. Respetamos a nuestros docentes, nuestros trabajadores, nuestros productores\u201d, describi\u00f3, sin embargo: \u201cFalta mucho para hacer en Entre R\u00edos, y Ad\u00e1n Bahl es la persona que puede llevarlo adelante de la mejor manera\u201d.<\/p>\n","protected":false},"excerpt":{"rendered":"<p>El gobernador Gustavo Bordet afirm\u00f3 que la candidatura a presidente de Sergio Massa y a vicepresidente de Agust\u00edn Rossi es \u201clo que los gobernadores ven\u00edamos solicitando\u201d &nbsp; &nbsp; Tambi\u00e9n sostuvo que \u201cfalta mucho para hacer en Entre R\u00edos y Ad\u00e1n Bahl es quien puede llevarlo adelante\u201d. El mandatario entrerriano, quien competir\u00e1 como candidato a diputado nacional en las pr\u00f3ximas elecciones, se reuni\u00f3 con el ministro de Econom\u00eda Sergio Massa con quien acord\u00f3 extender la emergencia agropecuaria en su provincia para asistir a los productores afectados por la sequ\u00eda, para lo&#8230;<\/p>\n","protected":false},"author":3,"featured_media":103942,"comment_status":"closed","ping_status":"closed","sticky":false,"template":"","format":"standard","meta":[],"categories":[9,15],"tags":[],"_links":{"self":[{"href":"https:\/\/www.actualidadadiario.com\/index.php\/wp-json\/wp\/v2\/posts\/103941"}],"collection":[{"href":"https:\/\/www.actualidadadiario.com\/index.php\/wp-json\/wp\/v2\/posts"}],"about":[{"href":"https:\/\/www.actualidadadiario.com\/index.php\/wp-json\/wp\/v2\/types\/post"}],"author":[{"embeddable":true,"href":"https:\/\/www.actualidadadiario.com\/index.php\/wp-json\/wp\/v2\/users\/3"}],"replies":[{"embeddable":true,"href":"https:\/\/www.actualidadadiario.com\/index.php\/wp-json\/wp\/v2\/comments?post=103941"}],"version-history":[{"count":1,"href":"https:\/\/www.actualidadadiario.com\/index.php\/wp-json\/wp\/v2\/posts\/103941\/revisions"}],"predecessor-version":[{"id":103943,"href":"https:\/\/www.actualidadadiario.com\/index.php\/wp-json\/wp\/v2\/posts\/103941\/revisions\/103943"}],"wp:featuredmedia":[{"embeddable":true,"href":"https:\/\/www.actualidadadiario.com\/index.php\/wp-json\/wp\/v2\/media\/103942"}],"wp:attachment":[{"href":"https:\/\/www.actualidadadiario.com\/index.php\/wp-json\/wp\/v2\/media?parent=103941"}],"wp:term":[{"taxonomy":"category","embeddable":true,"href":"https:\/\/www.actualidadadiario.com\/index.php\/wp-json\/wp\/v2\/categories?post=103941"},{"taxonomy":"post_tag","embeddable":true,"href":"https:\/\/www.actualidadadiario.com\/index.php\/wp-json\/wp\/v2\/tags?post=103941"}],"curies":[{"name":"wp","href":"https:\/\/api.w.org\/{rel}","templated":true}]}}