{"id":103939,"date":"2023-06-29T13:12:58","date_gmt":"2023-06-29T16:12:58","guid":{"rendered":"https:\/\/www.actualidadadiario.com\/?p=103939"},"modified":"2023-06-29T13:12:58","modified_gmt":"2023-06-29T16:12:58","slug":"listas-cerradas-y-encuestas-listas-guerra-con-golpes-bajos-entre-larreta-y-bullrich-en-juntos-por-el-cambio","status":"publish","type":"post","link":"https:\/\/www.actualidadadiario.com\/index.php\/2023\/06\/29\/listas-cerradas-y-encuestas-listas-guerra-con-golpes-bajos-entre-larreta-y-bullrich-en-juntos-por-el-cambio\/","title":{"rendered":"Listas cerradas y encuestas listas: guerra con golpes bajos entre Larreta y Bullrich en Juntos por el Cambio"},"content":{"rendered":"<p style=\"text-align: center;\"><em><strong>El precandidato presidencial &#8220;paloma&#8221; dijo que Macri &#8220;fracas\u00f3&#8221; en su gobierno y que su adversaria interna va por el mismo camino y la batalla explot\u00f3. Los lugartenientes de &#8220;Pato&#8221; le saltaron a la yugular. Larreta luego quiso aclarar, pero repiti\u00f3 lo mismo<\/strong><\/em><\/p>\n<p>&nbsp;<\/p>\n<p>&nbsp;<\/p>\n<p>Cerraron las listas y la nueva estrategia de Horacio Rodr\u00edguez Larreta es despegarse lo m\u00e1s posible de su contrincante Patricia Bullrich, el precandidato presidencial se levant\u00f3 contra el ala dura del PRO al decir que el modelo que llev\u00f3 adelante Mauricio Macri durante la gesti\u00f3n de Cambiemos \u201cfracas\u00f3\u201d\u00a0 y la exministra de Seguridad sali\u00f3 a cruzarlo, si bien Larreta quiso aclararlo volvi\u00f3 a defenestrar a su rival.<\/p>\n<p>\u201cMe parece de una enorme bajeza moral, oportunismo y falta de \u00e9tica que Larreta, que se jacta de haber trabajado 20 a\u00f1os con Macri, haga cualquier cosa con tal de conseguir un voto\u201d, lanz\u00f3 Bullrich en di\u00e1logo con el diario Clar\u00edn donde adem\u00e1s remarc\u00f3: \u201cHay l\u00edmites en una campa\u00f1a, es un ventajero total, no puede decir algo as\u00ed de quien fue su jefe pol\u00edtico durante tanto tiempo. Me parece muy deleznable\u201d.<\/p>\n<p>Ayer, Larreta se hab\u00eda diferenciado de Macri y Bullrich en declaraciones a radio La Red al aclarar que si bien en JxC hay una visi\u00f3n de pa\u00eds com\u00fan, hay diferencias respecto de \u201cc\u00f3mo\u201d deben encarar las reformas. \u201cEl c\u00f3mo hace toda la diferencia, el c\u00f3mo es la diferencia entre lograrlo y no. Patricia lo propone desde el mensaje fuerte. As\u00ed no funcion\u00f3, es la historia de la Argentina. Llevamos 100 a\u00f1os de antinomias, peleas; gente que no piensa como yo es el enemigo, que hay que matarlo, que el adversario pol\u00edtico todo lo que diga est\u00e1 mal, que el Gobierno tiene que empezar de cero\u201d, se\u00f1al\u00f3 al tiempo que remarc\u00f3: \u201cEse modelo fracas\u00f3, mir\u00e1 c\u00f3mo estamos hoy, siguiendo ese modelo\u201d.<\/p>\n<p>Diferentes miembros del ala dura del PRO tambi\u00e9n salieron a cruzar al alcalde porte\u00f1o, entre ellos, el radical Luis Petri, candidato a vicepresidente de la exministra, y N\u00e9stor Grindetti, el precandidato en la provincia de Buenos Aires que competir\u00e1 en la interna con Santilli.<\/p>\n<p>\u201cEs decepcionante escuchar a Larreta criticar m\u00e1s a Bullrich y a Macri que a los verdaderos responsables del desastre del pa\u00eds, que son el kirchnerismo y Massa. No vale todo, no somos lo mismo, no se construyen mayor\u00edas con los que desprecian los valores republicanos y alientan el populismo decadente en la Argentina. Se los enfrenta, con coraje y valent\u00eda\u201d, remarc\u00f3 Petri.<\/p>\n<p>Por su parte, Grindetti, opt\u00f3 por defender la gesti\u00f3n macrista y su lucha contra el narcotr\u00e1fico. \u201c\u00bfQui\u00e9n puede decir que la inserci\u00f3n de Argentina en el mundo como nunca antes en su historia fue un fracaso? \u00bfQui\u00e9n puede decir que la lucha contra el narcotr\u00e1fico y la inseguridad poni\u00e9ndonos siempre del lado de la gente fue un fracaso?\u201d, cuestion\u00f3.<\/p>\n<p>Luego del cruce Larreta intent\u00f3 aclarar sus dichos al se\u00f1alar\u00a0 que \u201cfracas\u00f3\u201d el modelo de los polarizadores, no de Macri. \u201cYo dije el modelo de las peleas y antinomias fracas\u00f3. Lo que no se pudo en ese momento es construir un apoyo suficiente para que eso se mantenga en el tiempo y volvimos para atr\u00e1s. Hoy tenemos m\u00e1s apoyos, pero no alcanza\u201d, explic\u00f3. \u201cEso dije del gobierno de Mauricio. Es un hecho que muchos cambios buenos, se volvieron para atr\u00e1s. Y as\u00ed estamos\u201d, complet\u00f3.<\/p>\n<p>Aunque\u00a0 volvi\u00f3 a repetirlo y se\u00f1al\u00f3\u00a0 que el \u201cmodelo\u201d que intent\u00f3 Macri \u201cfracas\u00f3\u201d. \u201cYo propongo algo diferente. Que construyamos una nueva mayor\u00eda s\u00f3lida y firme para impulsar algo en la Argentina que tenga gobernabilidad, pero para que el cambio se mantenga en el tiempo. El cambio vale si le cambia la vida a la gente y se mantiene en el tiempo, sino es un ida y vuelta m\u00e1s de este p\u00e9ndulo. La diferencia es clara: el \u00fanico camino posible es construir una nueva mayor\u00eda s\u00f3lida, que no es unanimidad\u201d.<\/p>\n","protected":false},"excerpt":{"rendered":"<p>El precandidato presidencial &#8220;paloma&#8221; dijo que Macri &#8220;fracas\u00f3&#8221; en su gobierno y que su adversaria interna va por el mismo camino y la batalla explot\u00f3. Los lugartenientes de &#8220;Pato&#8221; le saltaron a la yugular. Larreta luego quiso aclarar, pero repiti\u00f3 lo mismo &nbsp; &nbsp; Cerraron las listas y la nueva estrategia de Horacio Rodr\u00edguez Larreta es despegarse lo m\u00e1s posible de su contrincante Patricia Bullrich, el precandidato presidencial se levant\u00f3 contra el ala dura del PRO al decir que el modelo que llev\u00f3 adelante Mauricio Macri durante la gesti\u00f3n de&#8230;<\/p>\n","protected":false},"author":3,"featured_media":98668,"comment_status":"closed","ping_status":"closed","sticky":false,"template":"","format":"standard","meta":[],"categories":[18],"tags":[],"_links":{"self":[{"href":"https:\/\/www.actualidadadiario.com\/index.php\/wp-json\/wp\/v2\/posts\/103939"}],"collection":[{"href":"https:\/\/www.actualidadadiario.com\/index.php\/wp-json\/wp\/v2\/posts"}],"about":[{"href":"https:\/\/www.actualidadadiario.com\/index.php\/wp-json\/wp\/v2\/types\/post"}],"author":[{"embeddable":true,"href":"https:\/\/www.actualidadadiario.com\/index.php\/wp-json\/wp\/v2\/users\/3"}],"replies":[{"embeddable":true,"href":"https:\/\/www.actualidadadiario.com\/index.php\/wp-json\/wp\/v2\/comments?post=103939"}],"version-history":[{"count":1,"href":"https:\/\/www.actualidadadiario.com\/index.php\/wp-json\/wp\/v2\/posts\/103939\/revisions"}],"predecessor-version":[{"id":103940,"href":"https:\/\/www.actualidadadiario.com\/index.php\/wp-json\/wp\/v2\/posts\/103939\/revisions\/103940"}],"wp:featuredmedia":[{"embeddable":true,"href":"https:\/\/www.actualidadadiario.com\/index.php\/wp-json\/wp\/v2\/media\/98668"}],"wp:attachment":[{"href":"https:\/\/www.actualidadadiario.com\/index.php\/wp-json\/wp\/v2\/media?parent=103939"}],"wp:term":[{"taxonomy":"category","embeddable":true,"href":"https:\/\/www.actualidadadiario.com\/index.php\/wp-json\/wp\/v2\/categories?post=103939"},{"taxonomy":"post_tag","embeddable":true,"href":"https:\/\/www.actualidadadiario.com\/index.php\/wp-json\/wp\/v2\/tags?post=103939"}],"curies":[{"name":"wp","href":"https:\/\/api.w.org\/{rel}","templated":true}]}}