{"id":103936,"date":"2023-06-29T13:12:02","date_gmt":"2023-06-29T16:12:02","guid":{"rendered":"https:\/\/www.actualidadadiario.com\/?p=103936"},"modified":"2023-06-29T13:12:02","modified_gmt":"2023-06-29T16:12:02","slug":"el-ministro-de-agricultura-descarto-baja-de-retenciones","status":"publish","type":"post","link":"https:\/\/www.actualidadadiario.com\/index.php\/2023\/06\/29\/el-ministro-de-agricultura-descarto-baja-de-retenciones\/","title":{"rendered":"El ministro de Agricultura descart\u00f3 baja de retenciones"},"content":{"rendered":"<p style=\"text-align: center;\"><em><strong>El secretario de Agricultura, Ganader\u00eda y Pesca, Juan Jos\u00e9 Bahillo, descart\u00f3 que se impulse desde el Gobierno la aplicaci\u00f3n de otro &#8220;d\u00f3lar soja&#8221; o la baja de retenciones, aunque volvi\u00f3 a plantear la necesidad de que se hable de la cuesti\u00f3n tributaria cuando &#8220;est\u00e9n dadas las condiciones&#8221;<\/strong><\/em><\/p>\n<p>&nbsp;<\/p>\n<p>&nbsp;<\/p>\n<p>&#8220;Lo que dije el otro d\u00eda es lo que pienso; creo que hay que hablar el tema, pero no hay en el corto plazo una decisi\u00f3n en esa materia&#8221;, dijo Bahillo respecto a la posibilidad de una baja de retenciones y agreg\u00f3 que se podr\u00eda discutir dicho tema &#8220;cuando est\u00e9n dadas las condiciones&#8221;.<\/p>\n<p>En este sentido, Bahillo remarc\u00f3 no tener &#8220;autoridad para hacer este tipo de anuncios. S\u00ed lo he hablado con (el ministro de Econom\u00eda, Sergio) Massa, lo hemos estado reflexionando; el tema merece mayor an\u00e1lisis, una mayor evaluaci\u00f3n&#8221;, tras una charla que su equipo de estimaciones agr\u00edcolas mantuvo en la sede de la cartera nacional.<\/p>\n<p>&#8220;Tengamos en cuenta tambi\u00e9n que m\u00e1s all\u00e1 de las manifestaciones m\u00edas, y no es que me desdiga, tambi\u00e9n hay que tener en cuenta el contexto, de la misma manera que afect\u00f3 seriamente la econom\u00eda de los productores, la sequ\u00eda tambi\u00e9n afect\u00f3 las cuentas p\u00fablicas en USD 20.000 millones, con lo cual hay que ser muy responsable&#8221;, explic\u00f3 Bahillo.<\/p>\n<p>No obstante, marc\u00f3 que &#8220;esto no significa que se inmovilice el an\u00e1lisis o la discusi\u00f3n; creo que en todo caso tenemos que hacerla con mayor sensibilidad, con mayor responsabilidad, pero entendiendo que tenemos que empezar a andar un camino de estas caracter\u00edsticas&#8221;.<\/p>\n<p>Respecto a la puesta en marcha de un nuevo &#8220;d\u00f3lar soja&#8221;, r\u00e9gimen cambiario que ya en tres oportunidades abri\u00f3 una ventana con un tipo de cambio diferencial para el complejo sojero, manifest\u00f3 que &#8220;por ahora no me llamaron para eso&#8221;, luego de que transcendiera que est\u00e1 en estudio otra versi\u00f3n del esquema cambiario para exportaciones del agro.<\/p>\n<p>El anterior &#8220;d\u00f3lar soja&#8221; se desarroll\u00f3 durante el Programa de Incremento Exportador (PIE III) desde mediados de abril hasta finales de mayo, per\u00edodo en cual se comercializaron poco m\u00e1s de ocho millones de toneladas por un total de US$5.127 millones.<\/p>\n","protected":false},"excerpt":{"rendered":"<p>El secretario de Agricultura, Ganader\u00eda y Pesca, Juan Jos\u00e9 Bahillo, descart\u00f3 que se impulse desde el Gobierno la aplicaci\u00f3n de otro &#8220;d\u00f3lar soja&#8221; o la baja de retenciones, aunque volvi\u00f3 a plantear la necesidad de que se hable de la cuesti\u00f3n tributaria cuando &#8220;est\u00e9n dadas las condiciones&#8221; &nbsp; &nbsp; &#8220;Lo que dije el otro d\u00eda es lo que pienso; creo que hay que hablar el tema, pero no hay en el corto plazo una decisi\u00f3n en esa materia&#8221;, dijo Bahillo respecto a la posibilidad de una baja de retenciones y&#8230;<\/p>\n","protected":false},"author":3,"featured_media":103937,"comment_status":"closed","ping_status":"closed","sticky":false,"template":"","format":"standard","meta":[],"categories":[18],"tags":[],"_links":{"self":[{"href":"https:\/\/www.actualidadadiario.com\/index.php\/wp-json\/wp\/v2\/posts\/103936"}],"collection":[{"href":"https:\/\/www.actualidadadiario.com\/index.php\/wp-json\/wp\/v2\/posts"}],"about":[{"href":"https:\/\/www.actualidadadiario.com\/index.php\/wp-json\/wp\/v2\/types\/post"}],"author":[{"embeddable":true,"href":"https:\/\/www.actualidadadiario.com\/index.php\/wp-json\/wp\/v2\/users\/3"}],"replies":[{"embeddable":true,"href":"https:\/\/www.actualidadadiario.com\/index.php\/wp-json\/wp\/v2\/comments?post=103936"}],"version-history":[{"count":1,"href":"https:\/\/www.actualidadadiario.com\/index.php\/wp-json\/wp\/v2\/posts\/103936\/revisions"}],"predecessor-version":[{"id":103938,"href":"https:\/\/www.actualidadadiario.com\/index.php\/wp-json\/wp\/v2\/posts\/103936\/revisions\/103938"}],"wp:featuredmedia":[{"embeddable":true,"href":"https:\/\/www.actualidadadiario.com\/index.php\/wp-json\/wp\/v2\/media\/103937"}],"wp:attachment":[{"href":"https:\/\/www.actualidadadiario.com\/index.php\/wp-json\/wp\/v2\/media?parent=103936"}],"wp:term":[{"taxonomy":"category","embeddable":true,"href":"https:\/\/www.actualidadadiario.com\/index.php\/wp-json\/wp\/v2\/categories?post=103936"},{"taxonomy":"post_tag","embeddable":true,"href":"https:\/\/www.actualidadadiario.com\/index.php\/wp-json\/wp\/v2\/tags?post=103936"}],"curies":[{"name":"wp","href":"https:\/\/api.w.org\/{rel}","templated":true}]}}