{"id":103930,"date":"2023-06-29T13:10:22","date_gmt":"2023-06-29T16:10:22","guid":{"rendered":"https:\/\/www.actualidadadiario.com\/?p=103930"},"modified":"2023-06-29T13:10:22","modified_gmt":"2023-06-29T16:10:22","slug":"elecciones-2023-presentaron-las-boletas-de-los-candidatos-para-las-paso","status":"publish","type":"post","link":"https:\/\/www.actualidadadiario.com\/index.php\/2023\/06\/29\/elecciones-2023-presentaron-las-boletas-de-los-candidatos-para-las-paso\/","title":{"rendered":"Elecciones 2023: presentaron las boletas de los candidatos para las PASO"},"content":{"rendered":"<p style=\"text-align: center;\"><em><strong>Faltan s\u00f3lo semanas para las elecciones Primarias, Abiertas, Simult\u00e1neas y Obligatorias (PASO), donde las alianzas deber\u00e1n resolver sus internas de cara a las generales de octubre<\/strong><\/em><\/p>\n<p>&nbsp;<\/p>\n<p>&nbsp;<\/p>\n<p>Quedan pocas semanas para la realizaci\u00f3n de las elecciones Primarias, Abiertas, Simult\u00e1neas y Obligatorias (PASO) del pr\u00f3ximo 13 de agosto y, tras el cierre de listas, los candidatos que conforman las distintas alianzas presentan sus boletas oficiales.<\/p>\n<p>El calendario, dispuesto por la C\u00e1mara Nacional Electoral (CNE) establece, entre otras cuestiones, las fechas de las elecciones primarias PASO para el 13 de agosto y las generales para el 22 de octubre. En esas fechas, los argentinos elegir\u00e1n la f\u00f3rmula presidencial que gobierne los pr\u00f3ximos cuatro a\u00f1os, adem\u00e1s de los cargos de Jefe de Gobierno de la Ciudad de Buenos Aires, 21 gobernadores y la renovaci\u00f3n de bancas en la C\u00e1mara de Diputados y Senadores.<\/p>\n<p>En los comicios de agosto se definir\u00e1n internas en cuatro de las siete alianzas que se presentar\u00e1n por un lugar en las generales de octubre:<\/p>\n<ul>\n<li><strong>Uni\u00f3n por la Patria:<\/strong> si bien Sergio Massa fue ungido y presentado como candidato presidencial &#8220;de unidad&#8221; dentro del oficialismo, Juan Grabois anunci\u00f3 que participar\u00e1 en las elecciones primarias del 13 de agosto dentro del espacio.<\/li>\n<li><strong>Juntos por el Cambio:<\/strong> la interna m\u00e1s importante de cara a las PASO dentro de la principal coalici\u00f3n opositora tendr\u00e1 como principales competidores a la presidencia a Patricia Bullrich y a Horacio Rodr\u00edguez Larreta.<\/li>\n<li><strong>Frente de Izquierda:<\/strong> el FIT se presentar\u00e1 en las urnas con dos f\u00f3rmulas presidenciales, una del PTS integrada por Myriam Bregman y Nicol\u00e1s del Ca\u00f1o, y la otra por Gabriel Solano (Partido Obrero) y Vilma Ripoll (MST)<\/li>\n<li><strong>Frente Liberar:<\/strong> la fuerza Liberar es encabezada por el periodista y conductor televisivo Santiago C\u00faneo, quien competir\u00e1 presidencialmente frente al dirigente social Ra\u00fal Castells.<\/li>\n<\/ul>\n<p>En este contexto, ya se conocen las boletas oficiales que estar\u00e1n disponibles en todas las mesas.<\/p>\n<p>&nbsp;<\/p>\n<p><strong>Elecciones 2023: las boletas de todos los candidatos<\/strong><\/p>\n<p>Las primeras boletas publicadas oficialmente fueron las de Juntos por el Cambio. La coalici\u00f3n opositora dio a conocer el armado de los precandidatos presidenciales Horacio Rodr\u00edguez Larreta y Patricia Bullrich. Los papeles fueron presentados ante la Junta Electoral de la alianza y deber\u00e1n ser llevadas a la Justicia Electoral para su oficializaci\u00f3n definitiva.<\/p>\n<p>Ambas boletas cuentan con la misma est\u00e9tica y los mismos colores que identifican a Juntos por el Cambio. La diferencia, adem\u00e1s de los nombres presentes en las listas, se centra en los slogans que encabezan el t\u00edtulo.<\/p>\n<p>Rodr\u00edguez Larreta, por su parte, eligi\u00f3 la frase &#8220;El cambio de nuestras vidas&#8221;, con la foto principal del jefe de Gobierno porte\u00f1o y su compa\u00f1ero de f\u00f3rmula, el gobernador juje\u00f1o Gerardo Morales. Acompa\u00f1an en la segunda hoja los precandidatos a parlamentarios en el Mercosur, Elisa Carri\u00f3 y Waldo Wolff.<\/p>\n<p>Patricia Bullrich eligi\u00f3 la frase &#8220;La fuerza del cambio&#8221;, un lema que estuvo y estar\u00e1 presente en su campa\u00f1a pol\u00edtica de cara a las elecciones. En la boleta est\u00e1 acompa\u00f1ada de su precandidato a vicepresidente, Luis Petri, y, en la hoja contigua, cuenta con la presencia \u00fanica del actor Luis Brandoni como titular y precandidato a parlamentario del Mercosur.<\/p>\n<p>Las presentaciones de los dos principales precandidatos presidenciales de Juntos por el Cambio ante la Justicia Electoral son s\u00f3lo dos de las 14 restantes que deber\u00e1n oficializarse durante los pr\u00f3ximos d\u00edas.<\/p>\n<p>El 14 de julio es la fecha l\u00edmite para entregar las boletas en el despacho de la jueza Mar\u00eda Servini. Tambi\u00e9n ser\u00e1 el \u00faltimo d\u00eda para publicar los padrones definitivos y designar a las autoridades de mesa.<\/p>\n","protected":false},"excerpt":{"rendered":"<p>Faltan s\u00f3lo semanas para las elecciones Primarias, Abiertas, Simult\u00e1neas y Obligatorias (PASO), donde las alianzas deber\u00e1n resolver sus internas de cara a las generales de octubre &nbsp; &nbsp; Quedan pocas semanas para la realizaci\u00f3n de las elecciones Primarias, Abiertas, Simult\u00e1neas y Obligatorias (PASO) del pr\u00f3ximo 13 de agosto y, tras el cierre de listas, los candidatos que conforman las distintas alianzas presentan sus boletas oficiales. El calendario, dispuesto por la C\u00e1mara Nacional Electoral (CNE) establece, entre otras cuestiones, las fechas de las elecciones primarias PASO para el 13 de agosto&#8230;<\/p>\n","protected":false},"author":3,"featured_media":103931,"comment_status":"closed","ping_status":"closed","sticky":false,"template":"","format":"standard","meta":[],"categories":[9],"tags":[],"_links":{"self":[{"href":"https:\/\/www.actualidadadiario.com\/index.php\/wp-json\/wp\/v2\/posts\/103930"}],"collection":[{"href":"https:\/\/www.actualidadadiario.com\/index.php\/wp-json\/wp\/v2\/posts"}],"about":[{"href":"https:\/\/www.actualidadadiario.com\/index.php\/wp-json\/wp\/v2\/types\/post"}],"author":[{"embeddable":true,"href":"https:\/\/www.actualidadadiario.com\/index.php\/wp-json\/wp\/v2\/users\/3"}],"replies":[{"embeddable":true,"href":"https:\/\/www.actualidadadiario.com\/index.php\/wp-json\/wp\/v2\/comments?post=103930"}],"version-history":[{"count":1,"href":"https:\/\/www.actualidadadiario.com\/index.php\/wp-json\/wp\/v2\/posts\/103930\/revisions"}],"predecessor-version":[{"id":103932,"href":"https:\/\/www.actualidadadiario.com\/index.php\/wp-json\/wp\/v2\/posts\/103930\/revisions\/103932"}],"wp:featuredmedia":[{"embeddable":true,"href":"https:\/\/www.actualidadadiario.com\/index.php\/wp-json\/wp\/v2\/media\/103931"}],"wp:attachment":[{"href":"https:\/\/www.actualidadadiario.com\/index.php\/wp-json\/wp\/v2\/media?parent=103930"}],"wp:term":[{"taxonomy":"category","embeddable":true,"href":"https:\/\/www.actualidadadiario.com\/index.php\/wp-json\/wp\/v2\/categories?post=103930"},{"taxonomy":"post_tag","embeddable":true,"href":"https:\/\/www.actualidadadiario.com\/index.php\/wp-json\/wp\/v2\/tags?post=103930"}],"curies":[{"name":"wp","href":"https:\/\/api.w.org\/{rel}","templated":true}]}}