{"id":103925,"date":"2023-06-29T13:08:18","date_gmt":"2023-06-29T16:08:18","guid":{"rendered":"https:\/\/www.actualidadadiario.com\/?p=103925"},"modified":"2023-06-29T13:08:18","modified_gmt":"2023-06-29T16:08:18","slug":"prorrogan-por-seis-meses-la-dispensa-al-procrear-para-el-pago-de-valores-de-deuda","status":"publish","type":"post","link":"https:\/\/www.actualidadadiario.com\/index.php\/2023\/06\/29\/prorrogan-por-seis-meses-la-dispensa-al-procrear-para-el-pago-de-valores-de-deuda\/","title":{"rendered":"Prorrogan por seis meses la dispensa al Procrear para el pago de valores de deuda"},"content":{"rendered":"<p style=\"text-align: center;\"><em><strong>La norma precisa que se mantienen las dem\u00e1s condiciones oportunamente pactadas en el Contrato de Fideicomiso<\/strong><\/em><\/p>\n<p>&nbsp;<\/p>\n<p>&nbsp;<\/p>\n<p>El Gobierno prorrog\u00f3 por el plazo de seis meses la dispensa otorgada al Programa Cr\u00e9dito Argentino del Bicentenario para la Vivienda \u00danica Familiar (Procrear) del pago de la amortizaci\u00f3n de los Valores Representativos de Deuda (VRD), a trav\u00e9s del Decreto 329\/2023 publicado hoy en el Bolet\u00edn Oficial.<\/p>\n<p>A trav\u00e9s del art\u00edculo 13 del Decreto 829 del 13 de diciembre de 2022, el Gobierno hab\u00eda otorgado originalmente la dispensa al Procrear del pago de los VRD por seis meses.<\/p>\n<p>En tanto, la norma publicada hoy se\u00f1ala que la postergaci\u00f3n \u201cprocura la mejora de la situaci\u00f3n del Procrear para la asunci\u00f3n de compromisos inmediatos, sin alterar los plazos de amortizaci\u00f3n de los VRD inicialmente estimados, de conformidad a los correspondientes prospectos\u201d.<\/p>\n<p>Los VRD representan el modo en que el Procrear financia el desarrollo de viviendas, emitiendo estos valores que cuenta con oferta p\u00fablica en el mercado de capitales.<\/p>\n","protected":false},"excerpt":{"rendered":"<p>La norma precisa que se mantienen las dem\u00e1s condiciones oportunamente pactadas en el Contrato de Fideicomiso &nbsp; &nbsp; El Gobierno prorrog\u00f3 por el plazo de seis meses la dispensa otorgada al Programa Cr\u00e9dito Argentino del Bicentenario para la Vivienda \u00danica Familiar (Procrear) del pago de la amortizaci\u00f3n de los Valores Representativos de Deuda (VRD), a trav\u00e9s del Decreto 329\/2023 publicado hoy en el Bolet\u00edn Oficial. A trav\u00e9s del art\u00edculo 13 del Decreto 829 del 13 de diciembre de 2022, el Gobierno hab\u00eda otorgado originalmente la dispensa al Procrear del pago&#8230;<\/p>\n","protected":false},"author":3,"featured_media":80609,"comment_status":"closed","ping_status":"closed","sticky":false,"template":"","format":"standard","meta":[],"categories":[2],"tags":[],"_links":{"self":[{"href":"https:\/\/www.actualidadadiario.com\/index.php\/wp-json\/wp\/v2\/posts\/103925"}],"collection":[{"href":"https:\/\/www.actualidadadiario.com\/index.php\/wp-json\/wp\/v2\/posts"}],"about":[{"href":"https:\/\/www.actualidadadiario.com\/index.php\/wp-json\/wp\/v2\/types\/post"}],"author":[{"embeddable":true,"href":"https:\/\/www.actualidadadiario.com\/index.php\/wp-json\/wp\/v2\/users\/3"}],"replies":[{"embeddable":true,"href":"https:\/\/www.actualidadadiario.com\/index.php\/wp-json\/wp\/v2\/comments?post=103925"}],"version-history":[{"count":1,"href":"https:\/\/www.actualidadadiario.com\/index.php\/wp-json\/wp\/v2\/posts\/103925\/revisions"}],"predecessor-version":[{"id":103926,"href":"https:\/\/www.actualidadadiario.com\/index.php\/wp-json\/wp\/v2\/posts\/103925\/revisions\/103926"}],"wp:featuredmedia":[{"embeddable":true,"href":"https:\/\/www.actualidadadiario.com\/index.php\/wp-json\/wp\/v2\/media\/80609"}],"wp:attachment":[{"href":"https:\/\/www.actualidadadiario.com\/index.php\/wp-json\/wp\/v2\/media?parent=103925"}],"wp:term":[{"taxonomy":"category","embeddable":true,"href":"https:\/\/www.actualidadadiario.com\/index.php\/wp-json\/wp\/v2\/categories?post=103925"},{"taxonomy":"post_tag","embeddable":true,"href":"https:\/\/www.actualidadadiario.com\/index.php\/wp-json\/wp\/v2\/tags?post=103925"}],"curies":[{"name":"wp","href":"https:\/\/api.w.org\/{rel}","templated":true}]}}