{"id":103909,"date":"2023-06-28T15:36:04","date_gmt":"2023-06-28T18:36:04","guid":{"rendered":"https:\/\/www.actualidadadiario.com\/?p=103909"},"modified":"2023-06-28T15:36:04","modified_gmt":"2023-06-28T18:36:04","slug":"el-gobierno-frances-llama-a-la-calma-tras-una-madrugada-de-disturbios-en-paris","status":"publish","type":"post","link":"https:\/\/www.actualidadadiario.com\/index.php\/2023\/06\/28\/el-gobierno-frances-llama-a-la-calma-tras-una-madrugada-de-disturbios-en-paris\/","title":{"rendered":"El gobierno franc\u00e9s llama a la &#8220;calma&#8221; tras una madrugada de disturbios en Par\u00eds"},"content":{"rendered":"<p style=\"text-align: center;\"><em><strong>Las autoridades pidieron tranquilidad y prometieron &#8220;total transparencia&#8221;, despu\u00e9s de las manifestaciones que se desataron en los suburbios de la capital francesa por el asesinato de un joven a manos de la polic\u00eda. Amplio repudio a la violencia policial<\/strong><\/em><\/p>\n<p>&nbsp;<\/p>\n<p>&nbsp;<\/p>\n<p>El Gobierno franc\u00e9s llam\u00f3 este mi\u00e9rcoles a la calma tras los disturbios que se desataron en un suburbio de Par\u00eds, en respuesta al asesinato de un joven a manos de la polic\u00eda.<\/p>\n<p>&#8220;Entendemos el deseo de respuesta y queremos que se d\u00e9 con total transparencia&#8221;, asegur\u00f3 el vocero del Gobierno, Olivier V\u00e9ran, antes de lanzar un &#8220;llamado a la calma en esta situaci\u00f3n tan particular y de una emoci\u00f3n muy fuerte&#8221;.<\/p>\n<p>El hecho, que volvi\u00f3 a poner en el centro del debate la pol\u00e9mica sobre la violencia policial en Francia, ocurri\u00f3 el martes por la ma\u00f1ana en Nanterre, en la periferia oeste de Par\u00eds, durante un control policial a un joven de 17 a\u00f1os que conduc\u00eda un auto amarillo.<\/p>\n<p>Un video que circul\u00f3 en redes sociales, y que cuya veracidad fue confirmada por la agencia de noticias AFP, muestra como uno de los dos agentes lo retiene a punta de pistola y le dispara a quemarropa cuando acelera. En la grabaci\u00f3n se escucha &#8220;vas a recibir una bala en la cabeza&#8221;, aunque no queda claro qui\u00e9n lo dice.<\/p>\n<p>La fuga del joven termin\u00f3 unos pocos metros m\u00e1s adelante, cuando el coche se estrell\u00f3 contra un poste. La v\u00edctima, Na\u00ebl M., falleci\u00f3 poco despu\u00e9s tras haber sido alcanzado en el t\u00f3rax.<\/p>\n<p>&nbsp;<\/p>\n<p><strong>Inexcusable<\/strong><\/p>\n<p>&#8220;Nada, nada justifica la muerte de un joven&#8221;, dijo desde Marsella el presidente Emmanuel Macron, pidiendo que la &#8220;justicia&#8221; examine este hecho &#8220;inexcusable&#8221;.<\/p>\n<p>El episodio desat\u00f3 un estallido de disturbios en Nanterre que se extendieron hasta la madrugada y que terminaron con 31 detenidos, seg\u00fan las autoridades.<\/p>\n<p>Los manifestantes levantaron barricadas, lanzaron fuegos artificiales contra una comisar\u00eda, prendieron fuego sobre una v\u00eda f\u00e9rrea y quemaron autom\u00f3viles y contenedores de basura, mientras que los uniformados respondieron con gases lacrim\u00f3genos.<\/p>\n<p>El ministro del Interior, G\u00e9rald Darmanin, anunci\u00f3 que esta desplegar\u00e1n unos 2.000 polic\u00edas y gendarmes en los suburbios al oeste de Par\u00eds para evitar nuevos altercados.<\/p>\n<p>La primera ministra francesa, \u00c9lisabeth Borne, dijo esperar que su &#8220;exigencia absoluta de verdad permita que el apaciguamiento prevalezca sobre la ira&#8221;.<\/p>\n<p>&nbsp;<\/p>\n<p><strong>Justicia digna<\/strong><\/p>\n<p>La madre de la v\u00edctima convoc\u00f3 en un mensaje en la red social TikTok a una marcha en homenaje a Na\u00ebl a las 14 (las 9 de Argentina) en Nanterre, cerca de donde falleci\u00f3 el joven.<\/p>\n<p><em>&#8220;La pena de muerte ya no existe en Francia. Ning\u00fan polic\u00eda tiene el derecho de matar, salvo en leg\u00edtima defensa&#8221;,<\/em> tuite\u00f3 el pol\u00edtico izquierdista Jean-Luc M\u00e9lenchon.<\/p>\n<p>M\u00e1s all\u00e1 de la oposici\u00f3n de izquierda, futbolistas y celebridades se sumaron a las cr\u00edticas pidiendo una &#8220;justicia digna&#8221;, en palabras del popular actor Omar Sy.<\/p>\n<p><em>&#8220;Me duele mi Francia. Una situaci\u00f3n inaceptable&#8221;,<\/em> tuite\u00f3 la estrella del Paris Saint-Germain (PSG) Kylian Mbapp\u00e9, quien en 2020 ya reaccion\u00f3 a la paliza propinada por agentes de la polic\u00eda a un productor de m\u00fasica negro, Michel Zecler, en Par\u00eds.<\/p>\n<p>Jules Kound\u00e9, futbolista franc\u00e9s que juega en el FC Barcelona, tambi\u00e9n reaccion\u00f3 contra este &#8220;nuevo abuso policial&#8221; y calific\u00f3 de &#8220;dram\u00e1tica&#8221; la situaci\u00f3n.<\/p>\n<p>En tanto, Darmanin calific\u00f3 de &#8220;muy impactantes&#8221; las im\u00e1genes del drama, pero llam\u00f3 a respetar el &#8220;duelo&#8221; de los familiares de la v\u00edctima y &#8220;la presunci\u00f3n de inocencia&#8221; de los polic\u00edas.<\/p>\n<p>Un agente de 38 a\u00f1os, presunto autor del disparo, se encuentra bajo custodia policial.<\/p>\n","protected":false},"excerpt":{"rendered":"<p>Las autoridades pidieron tranquilidad y prometieron &#8220;total transparencia&#8221;, despu\u00e9s de las manifestaciones que se desataron en los suburbios de la capital francesa por el asesinato de un joven a manos de la polic\u00eda. Amplio repudio a la violencia policial &nbsp; &nbsp; El Gobierno franc\u00e9s llam\u00f3 este mi\u00e9rcoles a la calma tras los disturbios que se desataron en un suburbio de Par\u00eds, en respuesta al asesinato de un joven a manos de la polic\u00eda. &#8220;Entendemos el deseo de respuesta y queremos que se d\u00e9 con total transparencia&#8221;, asegur\u00f3 el vocero del&#8230;<\/p>\n","protected":false},"author":3,"featured_media":103910,"comment_status":"closed","ping_status":"closed","sticky":false,"template":"","format":"standard","meta":[],"categories":[4],"tags":[],"_links":{"self":[{"href":"https:\/\/www.actualidadadiario.com\/index.php\/wp-json\/wp\/v2\/posts\/103909"}],"collection":[{"href":"https:\/\/www.actualidadadiario.com\/index.php\/wp-json\/wp\/v2\/posts"}],"about":[{"href":"https:\/\/www.actualidadadiario.com\/index.php\/wp-json\/wp\/v2\/types\/post"}],"author":[{"embeddable":true,"href":"https:\/\/www.actualidadadiario.com\/index.php\/wp-json\/wp\/v2\/users\/3"}],"replies":[{"embeddable":true,"href":"https:\/\/www.actualidadadiario.com\/index.php\/wp-json\/wp\/v2\/comments?post=103909"}],"version-history":[{"count":1,"href":"https:\/\/www.actualidadadiario.com\/index.php\/wp-json\/wp\/v2\/posts\/103909\/revisions"}],"predecessor-version":[{"id":103911,"href":"https:\/\/www.actualidadadiario.com\/index.php\/wp-json\/wp\/v2\/posts\/103909\/revisions\/103911"}],"wp:featuredmedia":[{"embeddable":true,"href":"https:\/\/www.actualidadadiario.com\/index.php\/wp-json\/wp\/v2\/media\/103910"}],"wp:attachment":[{"href":"https:\/\/www.actualidadadiario.com\/index.php\/wp-json\/wp\/v2\/media?parent=103909"}],"wp:term":[{"taxonomy":"category","embeddable":true,"href":"https:\/\/www.actualidadadiario.com\/index.php\/wp-json\/wp\/v2\/categories?post=103909"},{"taxonomy":"post_tag","embeddable":true,"href":"https:\/\/www.actualidadadiario.com\/index.php\/wp-json\/wp\/v2\/tags?post=103909"}],"curies":[{"name":"wp","href":"https:\/\/api.w.org\/{rel}","templated":true}]}}