{"id":103906,"date":"2023-06-28T15:35:18","date_gmt":"2023-06-28T18:35:18","guid":{"rendered":"https:\/\/www.actualidadadiario.com\/?p=103906"},"modified":"2023-06-28T15:35:18","modified_gmt":"2023-06-28T18:35:18","slug":"por-ley-los-habitantes-de-corea-del-sur-seran-2-anos-mas-jovenes","status":"publish","type":"post","link":"https:\/\/www.actualidadadiario.com\/index.php\/2023\/06\/28\/por-ley-los-habitantes-de-corea-del-sur-seran-2-anos-mas-jovenes\/","title":{"rendered":"Por ley, los habitantes de Corea del Sur ser\u00e1n 2 a\u00f1os m\u00e1s j\u00f3venes"},"content":{"rendered":"<p style=\"text-align: center;\"><em><strong>Durante muchos siglos, los ciudadanos coreanos inflaron sus edades en comparaci\u00f3n con el resto del mundo. Ahora, gracias a esta reciente implementaci\u00f3n, se ver\u00e1n m\u00e1s j\u00f3venes. C\u00f3mo lo hicieron<\/strong><\/em><\/p>\n<p>&nbsp;<\/p>\n<p>&nbsp;<\/p>\n<p>Desde este mi\u00e9rcoles, los habitantes de Corea del Sur retrocedieron uno o dos a\u00f1os de edad debido a una nueva ley nacional que revolucion\u00f3 al pa\u00eds asi\u00e1tico.<\/p>\n<p>La misma se encarg\u00f3 de eliminar la forma particular con la que esta naci\u00f3n calcul\u00f3 la vida de cada persona.<\/p>\n<p>&nbsp;<\/p>\n<p><strong>C\u00f3mo se llev\u00f3 a cabo<\/strong><\/p>\n<p>Lo cierto es que durante mucho tiempo, los ciudadanos coreanos inflaron sus edades en comparaci\u00f3n con el resto del mundo. Para ser claros, una persona ten\u00eda un a\u00f1o al nacer y todos ganaban un a\u00f1o en conjunto el primero de enero. Por lo que un beb\u00e9 nacido en Nochevieja cumpl\u00eda dos a\u00f1os despu\u00e9s de un solo d\u00eda de vida.<\/p>\n<p>En ese marco, la nueva medida que reemplaza a la vieja ley indica que los coreanos ya nacidos volver\u00e1n a verse m\u00e1s j\u00f3venes utilizando su fecha de nacimiento para determinar qu\u00e9 edad tendr\u00e1n. Asimismo, los documentos nacionales de identidad tambi\u00e9n seguir\u00e1n el mismo rumbo.<\/p>\n<p>Esta costumbre rebuscada es un vicio adoptado en la cultura antigua de los pa\u00edses asi\u00e1ticos.<\/p>\n<p>Por ejemplo, a diferencia de Corea del Sur, China y Jap\u00f3n volvieron al est\u00e1ndar global hace bastante tiempo atr\u00e1s.<\/p>\n<p>En ese sentido, el presidente de Corea del Sur, Yoon Suk Yeol, aport\u00f3 su parecer en una reciente conferencia de prensa, tal como lo se\u00f1al\u00f3 en su informe Timothy W. Martin, de The Wall Street Journal en colaboraci\u00f3n con La Naci\u00f3n.<\/p>\n<p>\u201cCorea del Sur se est\u00e1 volviendo m\u00e1s joven\u201d, indic\u00f3 en relaci\u00f3n a esta nuevo presente que marcar\u00e1 un antes y un despu\u00e9s en la vida de todos los coreanos.<\/p>\n","protected":false},"excerpt":{"rendered":"<p>Durante muchos siglos, los ciudadanos coreanos inflaron sus edades en comparaci\u00f3n con el resto del mundo. Ahora, gracias a esta reciente implementaci\u00f3n, se ver\u00e1n m\u00e1s j\u00f3venes. C\u00f3mo lo hicieron &nbsp; &nbsp; Desde este mi\u00e9rcoles, los habitantes de Corea del Sur retrocedieron uno o dos a\u00f1os de edad debido a una nueva ley nacional que revolucion\u00f3 al pa\u00eds asi\u00e1tico. La misma se encarg\u00f3 de eliminar la forma particular con la que esta naci\u00f3n calcul\u00f3 la vida de cada persona. &nbsp; C\u00f3mo se llev\u00f3 a cabo Lo cierto es que durante mucho&#8230;<\/p>\n","protected":false},"author":3,"featured_media":103907,"comment_status":"closed","ping_status":"closed","sticky":false,"template":"","format":"standard","meta":[],"categories":[4],"tags":[],"_links":{"self":[{"href":"https:\/\/www.actualidadadiario.com\/index.php\/wp-json\/wp\/v2\/posts\/103906"}],"collection":[{"href":"https:\/\/www.actualidadadiario.com\/index.php\/wp-json\/wp\/v2\/posts"}],"about":[{"href":"https:\/\/www.actualidadadiario.com\/index.php\/wp-json\/wp\/v2\/types\/post"}],"author":[{"embeddable":true,"href":"https:\/\/www.actualidadadiario.com\/index.php\/wp-json\/wp\/v2\/users\/3"}],"replies":[{"embeddable":true,"href":"https:\/\/www.actualidadadiario.com\/index.php\/wp-json\/wp\/v2\/comments?post=103906"}],"version-history":[{"count":1,"href":"https:\/\/www.actualidadadiario.com\/index.php\/wp-json\/wp\/v2\/posts\/103906\/revisions"}],"predecessor-version":[{"id":103908,"href":"https:\/\/www.actualidadadiario.com\/index.php\/wp-json\/wp\/v2\/posts\/103906\/revisions\/103908"}],"wp:featuredmedia":[{"embeddable":true,"href":"https:\/\/www.actualidadadiario.com\/index.php\/wp-json\/wp\/v2\/media\/103907"}],"wp:attachment":[{"href":"https:\/\/www.actualidadadiario.com\/index.php\/wp-json\/wp\/v2\/media?parent=103906"}],"wp:term":[{"taxonomy":"category","embeddable":true,"href":"https:\/\/www.actualidadadiario.com\/index.php\/wp-json\/wp\/v2\/categories?post=103906"},{"taxonomy":"post_tag","embeddable":true,"href":"https:\/\/www.actualidadadiario.com\/index.php\/wp-json\/wp\/v2\/tags?post=103906"}],"curies":[{"name":"wp","href":"https:\/\/api.w.org\/{rel}","templated":true}]}}