{"id":103900,"date":"2023-06-28T15:33:40","date_gmt":"2023-06-28T18:33:40","guid":{"rendered":"https:\/\/www.actualidadadiario.com\/?p=103900"},"modified":"2023-06-28T15:33:40","modified_gmt":"2023-06-28T18:33:40","slug":"el-enviado-de-francisco-para-la-paz-en-ucrania-inicio-su-mision-en-moscu","status":"publish","type":"post","link":"https:\/\/www.actualidadadiario.com\/index.php\/2023\/06\/28\/el-enviado-de-francisco-para-la-paz-en-ucrania-inicio-su-mision-en-moscu\/","title":{"rendered":"El enviado de Francisco para la paz en Ucrania inici\u00f3 su misi\u00f3n en Mosc\u00fa"},"content":{"rendered":"<p style=\"text-align: center;\"><em><strong>El enviado del papa Francisco para la paz en Ucrania, el cardenal Matteo Zuppi, inici\u00f3 hoy en Mosc\u00fa su misi\u00f3n para \u00abpromover gestos de humanidad\u00bb, tres semanas despu\u00e9s de su viaje a Kiev, en medio de una agenda de encuentros pol\u00edticos y religiosos que incluye a uno de los principales consejeros pol\u00edticos del Kremlin<\/strong><\/em><\/p>\n<p>&nbsp;<\/p>\n<p>&nbsp;<\/p>\n<p>Zuppi, arzobispo de Bolonia, lleg\u00f3 anoche a Mosc\u00fa para una visita de dos d\u00edas con la que buscar\u00e1 generar acciones para \u00abcontribuir a la soluci\u00f3n de la situaci\u00f3n tr\u00e1gica en Ucrania\u00bb, seg\u00fan anunci\u00f3 el Vaticano para explicar la segunda etapa de la misi\u00f3n de paz del tambi\u00e9n presidente de la Conferencia Episcopal Italiana.<\/p>\n<p>La agenda de Zuppi, que permanece en reserva, incluir\u00e1 un encuentro con el consejero pol\u00edtico del Kermlin, Yury Ushakov, seg\u00fan anunci\u00f3 en una conferencia de prensa en Mosc\u00fa el vocero de la instituci\u00f3n, Dimitri Peskov. Por el momento, no hay en agenda encuentros en la Canciller\u00eda rusa, seg\u00fan dio a conocer el Ministerio de Exteriores de Mosc\u00fa en una nota a \u00faltima hora del martes.<\/p>\n<p>Seg\u00fan fuentes vaticanas, entre las actividades del purpurado est\u00e1 prevista una misa en la catedral cat\u00f3lica de la capital rusa, dedicada a la Inmaculada Concepci\u00f3n, sede de la arquidi\u00f3cesis metropolitana.<\/p>\n<p>La llegada de Zuppi a Mosc\u00fa, junto a un oficial de la Secretar\u00eda de Estado vaticana, representa la primera visita a Mosc\u00fa de un alto responsable de la Santa Sede desde el comienzo del conflicto b\u00e9lico entre Rusia y Ucrania en febrero de 2022, y se enfocar\u00e1 en encuentros con l\u00edderes religiosos.<\/p>\n<p>En ese marco, la expectativa est\u00e1 puesta en una posible reuni\u00f3n con el patriarca ortodoxo Cirilo (o Kiril), el l\u00edder m\u00e1s importante de esa rama del cristianismo predominante en Rusia y convertido en un aliado de Vladimir Putin en la agresi\u00f3n a Ucrania.<\/p>\n<p>El a\u00f1o pasado, a causa de la postura pro-b\u00e9lica del Patriarca, Francisco cancel\u00f3 una reuni\u00f3n que ten\u00eda prevista con Cirilo en Jerusal\u00e9n y lo llam\u00f3 \u00abmonaguillo de Putin\u00bb por su defensa f\u00e9rrea de la postura de Mosc\u00fa.<\/p>\n<p>La misi\u00f3n vaticana de paz, de todos modos, encuentra fuertes resistencias en Ucrania, a partir de la negativa del presidente Volodimir Zelenski a sentarse en cualquier mesa de negociaci\u00f3n que incluya a Rusia, tal como le expres\u00f3 el mandatario al Papa durante un encuentro en el Vaticano en mayo.<\/p>\n<p>Zelenski s\u00f3lo abri\u00f3 la posibilidad de que el Papa y la Santa Sede intercedan ante Rusia para la repatriaci\u00f3n de miles de ni\u00f1os que Ucrania denuncia fueron llevados durante el conflicto, un tema que el pont\u00edfice consider\u00f3 de importancia \u00abhumanitaria\u00bb.<\/p>\n<p>El pasado 5 de junio, Zuppi concluy\u00f3 su visita de dos d\u00edas a Kiev como enviado papal para el arreglo en Ucrania, en lo que el Vaticano consider\u00f3 un viaje \u00abcorto pero lleno de acontecimientos\u00bb.<\/p>\n<p>Mientras Zuppi est\u00e1 en Mosc\u00fa, otro cardenal de confianza del Papa, el Limosnero Konrad Krajewski, encabeza una misi\u00f3n humanitaria en Ucrania para llevar ayuda y consuelo a la poblaci\u00f3n herida por la guerra y sus consecuencias.<\/p>\n<p>La visita de Krajewski, en su sexto viaje enviado por el Papa, se centra esta vez en Kherson, donde en las \u00faltimas semanas fue destruida la presa hidroel\u00e9ctrica de Kakhovka, un suceso que ha causado enormes da\u00f1os en la zona.<\/p>\n<p>Hasta la fecha, Ucrania condicion\u00f3 el cese de las hostilidades a la recuperaci\u00f3n de todos los territorios, incluida la pen\u00ednsula de Crimea, que Rusia se anex\u00f3 en 2014.<\/p>\n<p>Por su parte, el Kremlin mencion\u00f3 que la soluci\u00f3n pol\u00edtica para frenar los combates es posible siempre y cuando se tengan en cuenta \u00abla situaci\u00f3n de facto y la nueva realidad territorial\u00bb, sobre los terrenos que ocup\u00f3 en su invasi\u00f3n.<\/p>\n<p>La \u00faltima ronda de conversaciones de paz ruso-ucranianas tuvo lugar a finales de marzo de 2022 en Turqu\u00eda y, desde entonces, las partes no se volvieron a reunir.<\/p>\n<p>La noticia del encargo conferido a Zuppi hab\u00eda sido dada a conocer por la Oficina de Prensa vaticana el 20 de mayo pasado, luego de que el propio Papa hablara de una \u00abmisi\u00f3n\u00bb de paz para Ucrania.<\/p>\n<p>Zuppi, de 67 a\u00f1os, irrumpi\u00f3 en la escena internacional con la firma, en 1992, de un acuerdo de paz en Mozambique mientras trabajaba cercano a la comunidad San Egidio, una organizaci\u00f3n internacional de laicos dedicada a temas de resoluci\u00f3n de conflictos.<\/p>\n","protected":false},"excerpt":{"rendered":"<p>El enviado del papa Francisco para la paz en Ucrania, el cardenal Matteo Zuppi, inici\u00f3 hoy en Mosc\u00fa su misi\u00f3n para \u00abpromover gestos de humanidad\u00bb, tres semanas despu\u00e9s de su viaje a Kiev, en medio de una agenda de encuentros pol\u00edticos y religiosos que incluye a uno de los principales consejeros pol\u00edticos del Kremlin &nbsp; &nbsp; Zuppi, arzobispo de Bolonia, lleg\u00f3 anoche a Mosc\u00fa para una visita de dos d\u00edas con la que buscar\u00e1 generar acciones para \u00abcontribuir a la soluci\u00f3n de la situaci\u00f3n tr\u00e1gica en Ucrania\u00bb, seg\u00fan anunci\u00f3 el&#8230;<\/p>\n","protected":false},"author":3,"featured_media":103901,"comment_status":"closed","ping_status":"closed","sticky":false,"template":"","format":"standard","meta":[],"categories":[4],"tags":[],"_links":{"self":[{"href":"https:\/\/www.actualidadadiario.com\/index.php\/wp-json\/wp\/v2\/posts\/103900"}],"collection":[{"href":"https:\/\/www.actualidadadiario.com\/index.php\/wp-json\/wp\/v2\/posts"}],"about":[{"href":"https:\/\/www.actualidadadiario.com\/index.php\/wp-json\/wp\/v2\/types\/post"}],"author":[{"embeddable":true,"href":"https:\/\/www.actualidadadiario.com\/index.php\/wp-json\/wp\/v2\/users\/3"}],"replies":[{"embeddable":true,"href":"https:\/\/www.actualidadadiario.com\/index.php\/wp-json\/wp\/v2\/comments?post=103900"}],"version-history":[{"count":1,"href":"https:\/\/www.actualidadadiario.com\/index.php\/wp-json\/wp\/v2\/posts\/103900\/revisions"}],"predecessor-version":[{"id":103902,"href":"https:\/\/www.actualidadadiario.com\/index.php\/wp-json\/wp\/v2\/posts\/103900\/revisions\/103902"}],"wp:featuredmedia":[{"embeddable":true,"href":"https:\/\/www.actualidadadiario.com\/index.php\/wp-json\/wp\/v2\/media\/103901"}],"wp:attachment":[{"href":"https:\/\/www.actualidadadiario.com\/index.php\/wp-json\/wp\/v2\/media?parent=103900"}],"wp:term":[{"taxonomy":"category","embeddable":true,"href":"https:\/\/www.actualidadadiario.com\/index.php\/wp-json\/wp\/v2\/categories?post=103900"},{"taxonomy":"post_tag","embeddable":true,"href":"https:\/\/www.actualidadadiario.com\/index.php\/wp-json\/wp\/v2\/tags?post=103900"}],"curies":[{"name":"wp","href":"https:\/\/api.w.org\/{rel}","templated":true}]}}