{"id":103895,"date":"2023-06-28T15:19:30","date_gmt":"2023-06-28T18:19:30","guid":{"rendered":"https:\/\/www.actualidadadiario.com\/?p=103895"},"modified":"2023-06-28T15:19:30","modified_gmt":"2023-06-28T18:19:30","slug":"melconian-presento-el-programa-economico-que-ofrecera-al-proximo-gobierno","status":"publish","type":"post","link":"https:\/\/www.actualidadadiario.com\/index.php\/2023\/06\/28\/melconian-presento-el-programa-economico-que-ofrecera-al-proximo-gobierno\/","title":{"rendered":"Melconian present\u00f3 el programa econ\u00f3mico que ofrecer\u00e1 al pr\u00f3ximo Gobierno"},"content":{"rendered":"<p style=\"text-align: center;\"><em><strong>El programa estuvo realizado por especialistas en macro, comercio, industria, agro, energ\u00eda, instrumentos sectoriales, trabajo, infraestructura, pol\u00edticas sociales, transporte y modernizaci\u00f3n del Estado de la Fundaci\u00f3n Mediterr\u00e1nea<\/strong><\/em><\/p>\n<p>&nbsp;<\/p>\n<p>&nbsp;<\/p>\n<p>Encabezada por el economista Carlos Melconian, la Fundaci\u00f3n Mediterr\u00e1nea present\u00f3 este martes ante sus socias y socios el equipo y programa para el \u00e1rea econ\u00f3mica que ofrecer\u00e1 al pr\u00f3ximo Gobierno. Durante la jornada, el presidente del Instituto de Estudios sobre la Realidad Argentina y Latinoamericana (IERAL), Carlos Melconian, estuvo acompa\u00f1ado por especialistas en macro, comercio, industria, agro, energ\u00eda, instrumentos sectoriales, trabajo, infraestructura, pol\u00edticas sociales, transporte y modernizaci\u00f3n del Estado.<\/p>\n<p>Melconian sostuvo: \u201cLos \u00faltimos d\u00edas vivimos la din\u00e1mica pol\u00edtica propia de un a\u00f1o electoral, con cierres de listas y candidaturas. Pero cuando las internas y elecciones terminen, lo que se va a necesitar es un equipo que tenga ideas y un programa integral que le devuelva un horizonte a la sociedad argentina\u201d. \u201cHoy, luego de m\u00e1s de un a\u00f1o y medio de trabajo, estamos ac\u00e1 para presentar en sociedad este equipo, del cual me siento orgulloso y conf\u00edo que podr\u00e1 devolverle un futuro a nuestro pa\u00eds\u201d, a\u00f1adi\u00f3 el economista.<\/p>\n<p>&nbsp;<\/p>\n<p><strong>Las propuestas<\/strong><\/p>\n<p><strong>-D\u00f3lar:<\/strong> \u201cHe explicado por todos lados que estamos estudiando la bimonetariedad, que tiene atr\u00e1s un r\u00e9gimen cambiario\u201d, explic\u00f3 Melconian ante los periodistas. En ese sentido, afirm\u00f3 que esto implica la &#8220;convivencia&#8221; no la &#8220;competencia&#8221; entre peso y d\u00f3lar. Insisti\u00f3 en que el bimonetarismo ya existe en la Argentina \u201cdesde hace a\u00f1os\u201d y lo que se requiere es \u201cinstitucionalizarlo\u201d para que \u201cfluya nuevamente un mercado de capitales en d\u00f3lares, que permita el cr\u00e9dito y la inversi\u00f3n local\u201d.<\/p>\n<p>&nbsp;<\/p>\n<p><strong>-Inflaci\u00f3n:<\/strong> \u201cPrimero hay que estabilizar, bajar la inflaci\u00f3n. Es una apuesta a mediano plazo que tambi\u00e9n implica que los d\u00f3lares que est\u00e1n afuera o debajo del colch\u00f3n vuelvan al circuito por canales institucionales\u201d, detall\u00f3.<\/p>\n<p>&nbsp;<\/p>\n<p><strong>-Cambio en el r\u00e9gimen cambiario y regulatorio:<\/strong> Melconian junto a su equipo afirm\u00f3 que est\u00e1n dise\u00f1ando un r\u00e9gimen cambiario que elimina \u201ctodo el laberinto regulatorio actual\u201d.<\/p>\n<p>&nbsp;<\/p>\n<p><strong>-FMI:<\/strong> el economista afirm\u00f3 que se necesita un nuevo acuerdo.<\/p>\n<p>&nbsp;<\/p>\n<p><strong>-D\u00e9ficit fiscal:<\/strong> Melconian sostuvo que el d\u00e9ficit primario cero es \u201cinmediato\u201d, reconoci\u00f3 que hay poco margen para bajar impuestos apenas asumir pero que \u201csacando 0,1 ac\u00e1, 0,3 all\u00e1 y 1 punto de m\u00e1s all\u00e1 se puede llegar al 4% del PBI.<\/p>\n<p>&nbsp;<\/p>\n<p><strong>-Reajuste de tarifas:<\/strong> \u201cLas tarifas entre abril y junio aumentaron 271% el valor de distribuci\u00f3n y todav\u00eda falta. \u00bfPor qu\u00e9 van a salir a la calle despu\u00e9s?\u201d.<\/p>\n<p>&nbsp;<\/p>\n<p><strong>-Otros proyectos:<\/strong> reforma de las relaciones laborales; una reforma previsional estructural (\u201cpero tambi\u00e9n ser\u00eda una se\u00f1al de sostenibilidad fiscal a largo plazo\u201d); una del Estado (dotaci\u00f3n de personal, contratos, empresas p\u00fablicas, fondos fiduciarios, entes cooperadores, organismos descentralizados, desregulaci\u00f3n) y una tributaria, de la AFIP y de Aduana (Ganancias, cargas laborales, monotributo, acuerdo fiscal con las provincias).<\/p>\n<p>&nbsp;<\/p>\n<p><strong>-Otras reformas:<\/strong> nuevo organigrama de ministerios, una nueva Carta Org\u00e1nica del Banco Central, leyes vinculadas al sector energ\u00e9tico y una ley de emergencia econ\u00f3mica si no se la puede incluir en el presupuesto.<\/p>\n","protected":false},"excerpt":{"rendered":"<p>El programa estuvo realizado por especialistas en macro, comercio, industria, agro, energ\u00eda, instrumentos sectoriales, trabajo, infraestructura, pol\u00edticas sociales, transporte y modernizaci\u00f3n del Estado de la Fundaci\u00f3n Mediterr\u00e1nea &nbsp; &nbsp; Encabezada por el economista Carlos Melconian, la Fundaci\u00f3n Mediterr\u00e1nea present\u00f3 este martes ante sus socias y socios el equipo y programa para el \u00e1rea econ\u00f3mica que ofrecer\u00e1 al pr\u00f3ximo Gobierno. Durante la jornada, el presidente del Instituto de Estudios sobre la Realidad Argentina y Latinoamericana (IERAL), Carlos Melconian, estuvo acompa\u00f1ado por especialistas en macro, comercio, industria, agro, energ\u00eda, instrumentos sectoriales, trabajo,&#8230;<\/p>\n","protected":false},"author":3,"featured_media":88445,"comment_status":"closed","ping_status":"closed","sticky":false,"template":"","format":"standard","meta":[],"categories":[18],"tags":[],"_links":{"self":[{"href":"https:\/\/www.actualidadadiario.com\/index.php\/wp-json\/wp\/v2\/posts\/103895"}],"collection":[{"href":"https:\/\/www.actualidadadiario.com\/index.php\/wp-json\/wp\/v2\/posts"}],"about":[{"href":"https:\/\/www.actualidadadiario.com\/index.php\/wp-json\/wp\/v2\/types\/post"}],"author":[{"embeddable":true,"href":"https:\/\/www.actualidadadiario.com\/index.php\/wp-json\/wp\/v2\/users\/3"}],"replies":[{"embeddable":true,"href":"https:\/\/www.actualidadadiario.com\/index.php\/wp-json\/wp\/v2\/comments?post=103895"}],"version-history":[{"count":1,"href":"https:\/\/www.actualidadadiario.com\/index.php\/wp-json\/wp\/v2\/posts\/103895\/revisions"}],"predecessor-version":[{"id":103896,"href":"https:\/\/www.actualidadadiario.com\/index.php\/wp-json\/wp\/v2\/posts\/103895\/revisions\/103896"}],"wp:featuredmedia":[{"embeddable":true,"href":"https:\/\/www.actualidadadiario.com\/index.php\/wp-json\/wp\/v2\/media\/88445"}],"wp:attachment":[{"href":"https:\/\/www.actualidadadiario.com\/index.php\/wp-json\/wp\/v2\/media?parent=103895"}],"wp:term":[{"taxonomy":"category","embeddable":true,"href":"https:\/\/www.actualidadadiario.com\/index.php\/wp-json\/wp\/v2\/categories?post=103895"},{"taxonomy":"post_tag","embeddable":true,"href":"https:\/\/www.actualidadadiario.com\/index.php\/wp-json\/wp\/v2\/tags?post=103895"}],"curies":[{"name":"wp","href":"https:\/\/api.w.org\/{rel}","templated":true}]}}