{"id":103890,"date":"2023-06-28T15:11:39","date_gmt":"2023-06-28T18:11:39","guid":{"rendered":"https:\/\/www.actualidadadiario.com\/?p=103890"},"modified":"2023-06-28T15:15:49","modified_gmt":"2023-06-28T18:15:49","slug":"rossi-respaldo-a-massa-y-aseguro-que-las-diferencias-quedaron-metabolizadas-con-la-constitucion-del-frente-de-todos","status":"publish","type":"post","link":"https:\/\/www.actualidadadiario.com\/index.php\/2023\/06\/28\/rossi-respaldo-a-massa-y-aseguro-que-las-diferencias-quedaron-metabolizadas-con-la-constitucion-del-frente-de-todos\/","title":{"rendered":"Rossi apunt\u00f3 contra la oposici\u00f3n: &#8220;Que expliquen por qu\u00e9 gobernaron tan mal en tan poco tiempo&#8221;"},"content":{"rendered":"<p style=\"text-align: center;\"><em><strong>El precandidato a vice de Uni\u00f3n por la Patria le respondi\u00f3 a Larreta sus dichos sobre &#8220;terminar con el kirchnerismo&#8221; y, adem\u00e1s, le pidi\u00f3 a la oposici\u00f3n que explique &#8220;por qu\u00e9 encontraron un pa\u00eds desendeudado, con baja desocupaci\u00f3n, y devolvieron un pa\u00eds con endeudamiento, con desocupaci\u00f3n y en recesi\u00f3n econ\u00f3mica&#8221;<\/strong><\/em><\/p>\n<p>&nbsp;<\/p>\n<p>&nbsp;<\/p>\n<p>El jefe de gabinete y precandidato a vicepresidente por Uni\u00f3n por la Patria, Agust\u00edn Rossi, realiz\u00f3 una conferencia de prensa\u00a0 tras la reuni\u00f3n con todos los ministros del Gabinete nacional en la que apunt\u00f3 contra la oposici\u00f3n: &#8220;Que expliquen por qu\u00e9 gobernaron tan mal en tan poco tiempo&#8221;, pidi\u00f3.<\/p>\n<p>El encuentro con la prensa se dio luego de la reuni\u00f3n del Gabinete nacional encabezada por el presidente Alberto Fern\u00e1ndez, de la que participaron la mayor\u00eda de ministros entre ellos el de Econom\u00eda, Sergio Massa, y el del Interior Eduardo \u201cWado\u201d de Pedro.<\/p>\n<p>Rossi adem\u00e1s de adelantar cambios en el Impuesto a las Ganancias, fue consultado por los dichos del precandidato a presidente opositor Horacio Rodr\u00edguez Larreta, quien sostuvo: &#8220;No solo buscamos un cambio de gobierno, obviamente buscamos terminar con el kirchnerismo para siempre&#8221;, Rossi decidi\u00f3 ser tajante con la oposici\u00f3n.<\/p>\n<p>\u201cCon la historia de nuestro pa\u00eds palabras como exterminio\u00a0 deber\u00edan ser meditadas, terminar una fuerza pol\u00edtica no me parece que sea el lenguaje de un pol\u00edtico que se aprecie a ser dem\u00f3crata en todo caso tiene derecho a tratar de construir un escenario pol\u00edtico distinto\u201d, consider\u00f3 cruzando a Larreta y le aconsej\u00f3 \u201cno utilizar t\u00e9rminos que lamentablemente nos llevan a un pasado que fue terrible para los argentinos independientemente de cualquier ideolog\u00eda o posicionamiento pol\u00edtico\u201d.<\/p>\n<p>En ese sentido,\u00a0 les dijo a los opositores que parecen buscar \u201cser duros\u201d con el Gobierno: \u201cEllos gobernaron cuatro a\u00f1os la Argentina, pasaron del gobierno de Macri a criticar nuestro gobierno sin un paso intermedio\u2026el paso que necesitan los argentinos es que expliquen por qu\u00e9 gobernaron tan mal en tan poco tiempo\u201d, lanz\u00f3<\/p>\n<p>\u201c\u00bfQui\u00e9n se hace cargo de los cuatros a\u00f1os de Macri? \u00bfLarreta, Bullrich no se van a hacer cargo?\u201d, cuestion\u00f3 Rossi al tiempo que pidi\u00f3 para concluir: \u201cQue les digan a los argentinos por qu\u00e9 encontraron un pa\u00eds desendeudado, con baja desocupaci\u00f3n, y devolvieron un pa\u00eds con endeudamiento, con desocupaci\u00f3n y en recesi\u00f3n econ\u00f3mica. Todo eso sin guerra, sin pandemia y sin sequ\u00eda\u201d.<\/p>\n","protected":false},"excerpt":{"rendered":"<p>El precandidato a vice de Uni\u00f3n por la Patria le respondi\u00f3 a Larreta sus dichos sobre &#8220;terminar con el kirchnerismo&#8221; y, adem\u00e1s, le pidi\u00f3 a la oposici\u00f3n que explique &#8220;por qu\u00e9 encontraron un pa\u00eds desendeudado, con baja desocupaci\u00f3n, y devolvieron un pa\u00eds con endeudamiento, con desocupaci\u00f3n y en recesi\u00f3n econ\u00f3mica&#8221; &nbsp; &nbsp; El jefe de gabinete y precandidato a vicepresidente por Uni\u00f3n por la Patria, Agust\u00edn Rossi, realiz\u00f3 una conferencia de prensa\u00a0 tras la reuni\u00f3n con todos los ministros del Gabinete nacional en la que apunt\u00f3 contra la oposici\u00f3n: &#8220;Que&#8230;<\/p>\n","protected":false},"author":3,"featured_media":103891,"comment_status":"closed","ping_status":"closed","sticky":false,"template":"","format":"standard","meta":[],"categories":[18],"tags":[],"_links":{"self":[{"href":"https:\/\/www.actualidadadiario.com\/index.php\/wp-json\/wp\/v2\/posts\/103890"}],"collection":[{"href":"https:\/\/www.actualidadadiario.com\/index.php\/wp-json\/wp\/v2\/posts"}],"about":[{"href":"https:\/\/www.actualidadadiario.com\/index.php\/wp-json\/wp\/v2\/types\/post"}],"author":[{"embeddable":true,"href":"https:\/\/www.actualidadadiario.com\/index.php\/wp-json\/wp\/v2\/users\/3"}],"replies":[{"embeddable":true,"href":"https:\/\/www.actualidadadiario.com\/index.php\/wp-json\/wp\/v2\/comments?post=103890"}],"version-history":[{"count":2,"href":"https:\/\/www.actualidadadiario.com\/index.php\/wp-json\/wp\/v2\/posts\/103890\/revisions"}],"predecessor-version":[{"id":103894,"href":"https:\/\/www.actualidadadiario.com\/index.php\/wp-json\/wp\/v2\/posts\/103890\/revisions\/103894"}],"wp:featuredmedia":[{"embeddable":true,"href":"https:\/\/www.actualidadadiario.com\/index.php\/wp-json\/wp\/v2\/media\/103891"}],"wp:attachment":[{"href":"https:\/\/www.actualidadadiario.com\/index.php\/wp-json\/wp\/v2\/media?parent=103890"}],"wp:term":[{"taxonomy":"category","embeddable":true,"href":"https:\/\/www.actualidadadiario.com\/index.php\/wp-json\/wp\/v2\/categories?post=103890"},{"taxonomy":"post_tag","embeddable":true,"href":"https:\/\/www.actualidadadiario.com\/index.php\/wp-json\/wp\/v2\/tags?post=103890"}],"curies":[{"name":"wp","href":"https:\/\/api.w.org\/{rel}","templated":true}]}}