{"id":103886,"date":"2023-06-28T14:43:04","date_gmt":"2023-06-28T17:43:04","guid":{"rendered":"https:\/\/www.actualidadadiario.com\/?p=103886"},"modified":"2023-06-28T14:43:04","modified_gmt":"2023-06-28T17:43:04","slug":"arde-la-interna-de-juntos-por-el-cambio-en-entre-rios-por-denuncias-de-favoritismo-a-rogelio-frigerio","status":"publish","type":"post","link":"https:\/\/www.actualidadadiario.com\/index.php\/2023\/06\/28\/arde-la-interna-de-juntos-por-el-cambio-en-entre-rios-por-denuncias-de-favoritismo-a-rogelio-frigerio\/","title":{"rendered":"Arde la interna de Juntos por el Cambio en Entre R\u00edos por denuncias de favoritismo a Rogelio Frigerio"},"content":{"rendered":"<p style=\"text-align: center;\"><em><strong>Pedro Galimberti, precandidato a gobernador por Entre R\u00edos Cambia, explic\u00f3 que no logr\u00f3, hasta el momento, pegar su boleta a las de los precandidatos presidenciales. &#8220;Hay un acuerdo con Rodr\u00edguez Larreta y Bullrich&#8221;, denunci\u00f3<\/strong><\/em><\/p>\n<p>&nbsp;<\/p>\n<p>&nbsp;<\/p>\n<p>En Entre R\u00edos, Juntos por el Cambio (JxC) protagoniza una feroz interna. Pedro Galimberti, precandidato a gobernador por la alianza Entre R\u00edos Cambia (sector de la Uni\u00f3n C\u00edvica Radical) denunci\u00f3 favoritismos de su rival en las PASO, el exministro del Interior Rogelio Frigerio.<\/p>\n<p>&#8220;Entendemos que hay un acuerdo entre Horacio Rodr\u00edguez Larreta, Patricia Bullrich y Frigerio&#8221;, sostuvo Galimberti en di\u00e1logo con la prensa en los \u00faltimos d\u00edas. El llamado de atenci\u00f3n se produce porque creen que el candidato radical qued\u00f3 marginado en la interna de JxC de Entre R\u00edos.<\/p>\n<p>&#8220;No hemos logrado, hasta el momento, que las dos f\u00f3rmulas que compiten a nivel nacional en JxC nos otorguen la posibilidad del pegado. Le han dado una exclusividad a quien era antes el ministro de Interior y nos han dejado marginados de la competencia, con una cancha inclinada, beneficiando a un candidato por sobre el otro&#8221;, explic\u00f3 Galimberti.<\/p>\n<p>&nbsp;<\/p>\n<p><strong>Entre R\u00edos: la interna de Juntos por el Cambio al rojo vivo<\/strong><\/p>\n<p>En ese sentido, el precandidato de Entre R\u00edos Cambia enfatiz\u00f3: &#8220;Estamos luchando para revertirlo tanto en el plano legal como tambi\u00e9n en la cuesti\u00f3n pol\u00edtica. Parece que para los dirigentes nacionales no toman nota de las circunstancias que se vienen dando en otras provincias&#8221;, consider\u00f3.<\/p>\n<p>El dirigente entrerriano apunt\u00f3 a los acuerdos que surgieron de la mesa nacional de JxC, donde se acordaron las &#8220;reglas de juego&#8221; para cada distrito, con el objetivo de definir sus listas de las elecciones 2023. &#8220;El discurso de los dirigentes nacionales es de ampliar, pero al momento de ejercer la democracia interna, evidentemente, no quieren competencia en las mismas condiciones&#8221;, subray\u00f3.<\/p>\n<p>Gerardo Morales, presidente del Comit\u00e9 Nacional de la UCR y, adem\u00e1s, precandidato a vicepresidente de Rodr\u00edguez Larreta, hab\u00eda habilitado el juego libre para los comicios del pr\u00f3ximo 13 de agosto.<\/p>\n<p>La interna de JxC en Entre R\u00edos se judicializ\u00f3, dado que Galimberti ya hizo una presentaci\u00f3n ante el Juzgado Electoral con competencia electoral que comanda Mar\u00eda Servini de Cubr\u00eda y tendr\u00e1 tiempo para revertir esta situaci\u00f3n hasta el 29 de junio.<\/p>\n<p>&nbsp;<\/p>\n<p><strong>Qui\u00e9n es Pedro Galimberti, el radical que quiere disputarle el poder al PRO en Entre R\u00edos<\/strong><\/p>\n<p>Naci\u00f3 el 22 de agosto de 1970 en Colonia Belgrano, una zona lindera a Chajar\u00ed, ciudad donde fue intendente durante dos per\u00edodos. El primero entre los a\u00f1os 2015-2019, siendo reelecto en 2019, cargo al cual renunci\u00f3 en diciembre de 2021 para asumir como diputado nacional.<\/p>\n<p>Criado en la zona rural e hijo de Polo y Rosal\u00eda, sus padres ten\u00edan desde siempre un almac\u00e9n de ramos generales. Estudi\u00f3 en la escuela Mar\u00eda Auxiliadora y en el Colegio Marista, para luego, en La Plata, formarse como abogado y escribano.<\/p>\n<p>Su actividad pol\u00edtica lo encuentra tambi\u00e9n como Presidente del Comit\u00e9 Provincial de la UCR (2016-2018), Concejal de la ciudad de Chajar\u00ed entre 2003 y 2007 y Presidente de la Sociedad Rural en la misma ciudad entrerriana.<\/p>\n","protected":false},"excerpt":{"rendered":"<p>Pedro Galimberti, precandidato a gobernador por Entre R\u00edos Cambia, explic\u00f3 que no logr\u00f3, hasta el momento, pegar su boleta a las de los precandidatos presidenciales. &#8220;Hay un acuerdo con Rodr\u00edguez Larreta y Bullrich&#8221;, denunci\u00f3 &nbsp; &nbsp; En Entre R\u00edos, Juntos por el Cambio (JxC) protagoniza una feroz interna. Pedro Galimberti, precandidato a gobernador por la alianza Entre R\u00edos Cambia (sector de la Uni\u00f3n C\u00edvica Radical) denunci\u00f3 favoritismos de su rival en las PASO, el exministro del Interior Rogelio Frigerio. &#8220;Entendemos que hay un acuerdo entre Horacio Rodr\u00edguez Larreta, Patricia Bullrich&#8230;<\/p>\n","protected":false},"author":3,"featured_media":103843,"comment_status":"closed","ping_status":"closed","sticky":false,"template":"","format":"standard","meta":[],"categories":[15],"tags":[],"_links":{"self":[{"href":"https:\/\/www.actualidadadiario.com\/index.php\/wp-json\/wp\/v2\/posts\/103886"}],"collection":[{"href":"https:\/\/www.actualidadadiario.com\/index.php\/wp-json\/wp\/v2\/posts"}],"about":[{"href":"https:\/\/www.actualidadadiario.com\/index.php\/wp-json\/wp\/v2\/types\/post"}],"author":[{"embeddable":true,"href":"https:\/\/www.actualidadadiario.com\/index.php\/wp-json\/wp\/v2\/users\/3"}],"replies":[{"embeddable":true,"href":"https:\/\/www.actualidadadiario.com\/index.php\/wp-json\/wp\/v2\/comments?post=103886"}],"version-history":[{"count":1,"href":"https:\/\/www.actualidadadiario.com\/index.php\/wp-json\/wp\/v2\/posts\/103886\/revisions"}],"predecessor-version":[{"id":103887,"href":"https:\/\/www.actualidadadiario.com\/index.php\/wp-json\/wp\/v2\/posts\/103886\/revisions\/103887"}],"wp:featuredmedia":[{"embeddable":true,"href":"https:\/\/www.actualidadadiario.com\/index.php\/wp-json\/wp\/v2\/media\/103843"}],"wp:attachment":[{"href":"https:\/\/www.actualidadadiario.com\/index.php\/wp-json\/wp\/v2\/media?parent=103886"}],"wp:term":[{"taxonomy":"category","embeddable":true,"href":"https:\/\/www.actualidadadiario.com\/index.php\/wp-json\/wp\/v2\/categories?post=103886"},{"taxonomy":"post_tag","embeddable":true,"href":"https:\/\/www.actualidadadiario.com\/index.php\/wp-json\/wp\/v2\/tags?post=103886"}],"curies":[{"name":"wp","href":"https:\/\/api.w.org\/{rel}","templated":true}]}}