{"id":103883,"date":"2023-06-28T14:41:39","date_gmt":"2023-06-28T17:41:39","guid":{"rendered":"https:\/\/www.actualidadadiario.com\/?p=103883"},"modified":"2023-06-28T14:41:39","modified_gmt":"2023-06-28T17:41:39","slug":"la-fiscal-destituida-de-entre-rios-patalea-ante-la-corte-pero-perdio-un-voto-clave","status":"publish","type":"post","link":"https:\/\/www.actualidadadiario.com\/index.php\/2023\/06\/28\/la-fiscal-destituida-de-entre-rios-patalea-ante-la-corte-pero-perdio-un-voto-clave\/","title":{"rendered":"La fiscal destituida de Entre R\u00edos patalea ante la Corte, pero perdi\u00f3 un voto clave"},"content":{"rendered":"<p style=\"text-align: center;\"><em><strong>Goyeneche, apartada en un jury por mal desempe\u00f1o, busca que el m\u00e1ximo tribunal la reponga en su cargo, pero recibi\u00f3 un rev\u00e9s del STJ entrerriano donde un juez le quit\u00f3 apoyo. Su recurso no fue incluido en el acuerdo de ayer con tem\u00e1tica variada. Misteriosa reuni\u00f3n<\/strong><\/em><\/p>\n<p>&nbsp;<\/p>\n<p>&nbsp;<\/p>\n<p>La destituida exfiscal que ocupaba la unidad anticorrupci\u00f3n de Entre R\u00edos Cecilia Goyeneche volvi\u00f3 a insistir para que la Corte Suprema la reponga en el cargo del que fue expulsada tras un jury de enjuiciamiento por mal desempe\u00f1o, en el marco de una causa donde los investigadores terminaron teniendo lazos con los investigados. El recurso de queja fue la \u00fanica opci\u00f3n que le qued\u00f3 vigente luego de que el Superior Tribunal de Justicia (STJ) denegara el 13 de junio el recurso extraordinario por inconstitucionalidad que hab\u00eda planteado para que revise la decisi\u00f3n del Tribunal de Enjuiciamiento del a\u00f1o pasado. Pero en el camino, la exfuncionaria perdi\u00f3 el voto clave del juez del STJ Gervasio Labriola que en agosto de 2022 hab\u00eda votado a favor de concederle el acceso a la Corte por su juicio pol\u00edtico, pero ahora consider\u00f3 que no existe fundamento para cuestionar la decisi\u00f3n de su destituci\u00f3n.<\/p>\n<p>La Corte Suprema ya dio varias muestras de que repele \u201cfallos delivery\u201d a pesar de que, en agosto pasado, decidi\u00f3 tomar el caso de Goyeneche y orden\u00f3 que se revisara su remisi\u00f3n a jury, algo que termin\u00f3 nuevamente confirmado en todas las instancias. El proceso se desencaden\u00f3 a ra\u00edz del hallazgo, en el marco de la causa \u201cContratos\u201d de la que \u00c1mbito dio cuenta del laberinto en el que qued\u00f3 inmersa por su incidencia en la pol\u00edtica entrerriana, de que uno de los imputados hab\u00eda compartido propiedades con Goyeneche, y de que ten\u00eda relaci\u00f3n con su pareja, algo que fue ocultado en la instrucci\u00f3n del expediente porque la habr\u00eda obligado a apartarse. El m\u00e1ximo Tribunal no incluy\u00f3 el tema en su acuerdo de ayer donde confirm\u00f3 condenas por narcotr\u00e1fico, ratific\u00f3 una multa contra el dirigente Juan Grabois y roz\u00f3 las causas del falso abogado Marcelo D\u2019Alessio y de la constructora Odebrecht, salpicada por un caso de corrupci\u00f3n transnacional.<\/p>\n<p>El sacud\u00f3n pol\u00edtico que genera la causa \u201cContratos\u201d -que tiene un gui\u00f1o del m\u00e1ximo Tribunal para ser investigada por la justicia federal por la faceta electoral que implica el posible financiamiento partidario espurio v\u00eda contratos de la Legislatura local- gener\u00f3 tambi\u00e9n una pelea a nivel judicial en Entre R\u00edos. Esa tensi\u00f3n es inexplicable escindida de los lazos entre oficialismo y oposici\u00f3n con terminales en jueces y fiscales que pujan por quedarse con el expediente.<\/p>\n<p>En ese contexto se inscribe una reuni\u00f3n -previa al recorrido del expediente- entre la propia Goyeneche y el entonces diputado del PRO y ahora candidato a gobernador Rogelio Frigerio, que habr\u00eda sido organizada por el diputado provincial por \u201cJuntos por Entre R\u00edos\u201d, Esteban Vitor, en su casa. A ese encuentro, la exfiscal habr\u00eda sido acompa\u00f1ada por el camarista Marcelo Barid\u00f3n. Ante la consulta de este diario, desde el entorno de uno de los asistentes negaron esa reuni\u00f3n y el objetivo de trazar una estrategia para resistir en el cargo y tratar de avanzar en el expediente para golpear primero al PJ local. En esa mara\u00f1a de expedientes conexos ya result\u00f3 condenado el exmandatario Sergio Uribarri pero la discusi\u00f3n gira en torno al intento de impulsar otro juicio oral donde la justicia local no ser\u00eda competente por ser materia federal. Esto ya gener\u00f3 choques entre una jueza provincial, la C\u00e1mara, el STJ, la Procuraci\u00f3n General, la C\u00e1mara Nacional Electoral y la propia Corte.<\/p>\n<p>El rev\u00e9s para Goyeneche de parte del m\u00e1ximo tribunal entrerriano lleg\u00f3 de la mano del voto del juez Miguel \u00c1ngel Giorgio al que adhirieron sus pares Leonado Portela y Laura Soage. \u201cNo se encuentran presentes ninguno de los supuestos de procedencia contenidos en el art. 14 de la ley 48 que define las distintas hip\u00f3tesis que pueden llegar a constituir una cuesti\u00f3n federal como tampoco en algunas de las causales creadas en forma pretoriana por la Corte Suprema de Justicia de la Naci\u00f3n\u201d, indic\u00f3 el voto. En s\u00edntesis, lo que plante\u00f3 Goyeneche era su desacuerdo con la remoci\u00f3n y cuestiones que son de derecho p\u00fablico local \u201cajenos a la instancia extraordinaria\u201d de la Corte. \u201cLos argumentos que en derredor a este t\u00f3pico esboza nuevamente la recurrente resultan vagos, imprecisos y conjeturales\u201d, la fustigaron. Le enrostraron que objetar la acusaci\u00f3n no le impidi\u00f3 defenderse, presentar prueba y argumentar, algo que termin\u00f3 con el dictamen para destituirla por considerar probadas las irregularidades en las que incurri\u00f3 Goyeneche.<\/p>\n<p>Germ\u00e1n Carlomagno coincidi\u00f3 por su voto, y sostuvo que el hecho por el que el jury desplaz\u00f3 a la estructura del Ministerio P\u00fablico Fiscal y design\u00f3 un fiscal ad hoc no tuvo incidencia. Labriola le dio la espalda tambi\u00e9n fundando en que no existe cuesti\u00f3n federal en la restituci\u00f3n que reclama y sell\u00f3 la unanimidad del fallo del STJ. Esto deja con mayor debilidad \u201cla queja\u201d ante la Corte.<\/p>\n","protected":false},"excerpt":{"rendered":"<p>Goyeneche, apartada en un jury por mal desempe\u00f1o, busca que el m\u00e1ximo tribunal la reponga en su cargo, pero recibi\u00f3 un rev\u00e9s del STJ entrerriano donde un juez le quit\u00f3 apoyo. Su recurso no fue incluido en el acuerdo de ayer con tem\u00e1tica variada. Misteriosa reuni\u00f3n &nbsp; &nbsp; La destituida exfiscal que ocupaba la unidad anticorrupci\u00f3n de Entre R\u00edos Cecilia Goyeneche volvi\u00f3 a insistir para que la Corte Suprema la reponga en el cargo del que fue expulsada tras un jury de enjuiciamiento por mal desempe\u00f1o, en el marco de&#8230;<\/p>\n","protected":false},"author":3,"featured_media":103884,"comment_status":"closed","ping_status":"closed","sticky":false,"template":"","format":"standard","meta":[],"categories":[15],"tags":[],"_links":{"self":[{"href":"https:\/\/www.actualidadadiario.com\/index.php\/wp-json\/wp\/v2\/posts\/103883"}],"collection":[{"href":"https:\/\/www.actualidadadiario.com\/index.php\/wp-json\/wp\/v2\/posts"}],"about":[{"href":"https:\/\/www.actualidadadiario.com\/index.php\/wp-json\/wp\/v2\/types\/post"}],"author":[{"embeddable":true,"href":"https:\/\/www.actualidadadiario.com\/index.php\/wp-json\/wp\/v2\/users\/3"}],"replies":[{"embeddable":true,"href":"https:\/\/www.actualidadadiario.com\/index.php\/wp-json\/wp\/v2\/comments?post=103883"}],"version-history":[{"count":1,"href":"https:\/\/www.actualidadadiario.com\/index.php\/wp-json\/wp\/v2\/posts\/103883\/revisions"}],"predecessor-version":[{"id":103885,"href":"https:\/\/www.actualidadadiario.com\/index.php\/wp-json\/wp\/v2\/posts\/103883\/revisions\/103885"}],"wp:featuredmedia":[{"embeddable":true,"href":"https:\/\/www.actualidadadiario.com\/index.php\/wp-json\/wp\/v2\/media\/103884"}],"wp:attachment":[{"href":"https:\/\/www.actualidadadiario.com\/index.php\/wp-json\/wp\/v2\/media?parent=103883"}],"wp:term":[{"taxonomy":"category","embeddable":true,"href":"https:\/\/www.actualidadadiario.com\/index.php\/wp-json\/wp\/v2\/categories?post=103883"},{"taxonomy":"post_tag","embeddable":true,"href":"https:\/\/www.actualidadadiario.com\/index.php\/wp-json\/wp\/v2\/tags?post=103883"}],"curies":[{"name":"wp","href":"https:\/\/api.w.org\/{rel}","templated":true}]}}