{"id":103878,"date":"2023-06-28T14:35:21","date_gmt":"2023-06-28T17:35:21","guid":{"rendered":"https:\/\/www.actualidadadiario.com\/?p=103878"},"modified":"2023-06-28T14:35:21","modified_gmt":"2023-06-28T17:35:21","slug":"larreta-se-diferencio-de-macri-ese-modelo-fracaso","status":"publish","type":"post","link":"https:\/\/www.actualidadadiario.com\/index.php\/2023\/06\/28\/larreta-se-diferencio-de-macri-ese-modelo-fracaso\/","title":{"rendered":"Larreta se diferenci\u00f3 de Macri: &#8220;Ese modelo fracas\u00f3&#8221;"},"content":{"rendered":"<p style=\"text-align: center;\"><em><strong>El precandidato de Juntos por el Cambio cuestion\u00f3 el discurso de Patricia Bullrich y al mismo tiempo marc\u00f3 distancia de Mauricio Macri. &#8220;Propongo algo diferente&#8221;, manifest\u00f3 en declaraciones radiales<\/strong><\/em><\/p>\n<p>&nbsp;<\/p>\n<p>&nbsp;<\/p>\n<p>La interna de Juntos por el Cambio comienza a tomar temperatura. Ya en el arranque de la campa\u00f1a a las PASO, el precandidato Horacio Rodr\u00edguez Larreta aprovech\u00f3 una serie de cr\u00edticas a su contrincante, Patricia Bullrich, para marcar distancia de quien fuera su mentor, el l\u00edder del PRO Mauricio Macri.<\/p>\n<p>En declaraciones radiales de este mi\u00e9rcoles, Larreta expres\u00f3 su oposici\u00f3n a los planteos de campa\u00f1a de Bullrich, vinculados con el \u201cc\u00f3mo\u201d, es decir, la forma y el tenor con los que se tomar\u00e1n las decisiones de gobierno a futuro.<\/p>\n<p>\u201cY el c\u00f3mo hace toda la diferencia, el c\u00f3mo es la diferencia entre lograrlo y no. Patricia lo propone desde el mensaje fuerte. As\u00ed no funcion\u00f3. Llevamos 100 a\u00f1os de antinomias, peleas; gente que no piensa como yo es el enemigo, que hay que matarlo, que el adversario pol\u00edtico todo lo que diga est\u00e1 mal, que el Gobierno tiene que empezar de cero\u201d, explic\u00f3 Rodr\u00edguez Larreta.<\/p>\n<p>&nbsp;<\/p>\n<p><strong>Larreta marc\u00f3 distancia de Macri<\/strong><\/p>\n<p>De ah\u00ed que insista en marcar una separaci\u00f3n desde el discurso de lo que propone Bullrich. \u201cEse modelo fracas\u00f3, mir\u00e1 como estamos hoy, siguiendo ese modelo\u201d, cuestion\u00f3 Larreta este mi\u00e9rcoles en una entrevista en La Red.<\/p>\n<p>Luego, sigui\u00f3 un comentario del precandidato de JxC que llam\u00f3 la atenci\u00f3n: \u201cEs lo que intent\u00f3 Mauricio Macri, yo propongo algo diferente. Que construyamos una nueva mayor\u00eda s\u00f3lida y firme para impulsar algo en la Argentina que tenga gobernabilidad, pero para que el cambio se mantenga en el tiempo\u201d, expres\u00f3.<\/p>\n<p>De este modo, Larreta marc\u00f3 un cambio en lo que respecta al discurso y mostr\u00f3 un distanciamiento del \u201cmodelo\u201d del PRO que le permiti\u00f3 lograr la victoria a Cambiemos en 2015.<\/p>\n<p>\u201cEl cambio vale si le cambia la vida a la gente y se mantiene en el tiempo, sino es un ida y vuelta m\u00e1s de este p\u00e9ndulo. La diferencia es clara: el \u00fanico camino posible es construir una nueva mayor\u00eda s\u00f3lida, que no es unanimidad\u201d, argument\u00f3 el precandidato presidencial que ir\u00e1 con el radical Gerardo Morales de vice.<\/p>\n<p>En la entrevista de este mi\u00e9rcoles, Larreta tambi\u00e9n cont\u00f3 que con Macri habl\u00f3 por \u00faltima vez hace dos semanas aproximadamente. \u201cJam\u00e1s voy a hacer una cr\u00edtica personal y tampoco cuando otros u otras lo hagan conmigo, porque la unidad est\u00e1 por encima de todo\u201d, aclar\u00f3 el jefe de Gobierno porte\u00f1o.<\/p>\n","protected":false},"excerpt":{"rendered":"<p>El precandidato de Juntos por el Cambio cuestion\u00f3 el discurso de Patricia Bullrich y al mismo tiempo marc\u00f3 distancia de Mauricio Macri. &#8220;Propongo algo diferente&#8221;, manifest\u00f3 en declaraciones radiales &nbsp; &nbsp; La interna de Juntos por el Cambio comienza a tomar temperatura. Ya en el arranque de la campa\u00f1a a las PASO, el precandidato Horacio Rodr\u00edguez Larreta aprovech\u00f3 una serie de cr\u00edticas a su contrincante, Patricia Bullrich, para marcar distancia de quien fuera su mentor, el l\u00edder del PRO Mauricio Macri. En declaraciones radiales de este mi\u00e9rcoles, Larreta expres\u00f3 su&#8230;<\/p>\n","protected":false},"author":3,"featured_media":103879,"comment_status":"closed","ping_status":"closed","sticky":false,"template":"","format":"standard","meta":[],"categories":[18],"tags":[],"_links":{"self":[{"href":"https:\/\/www.actualidadadiario.com\/index.php\/wp-json\/wp\/v2\/posts\/103878"}],"collection":[{"href":"https:\/\/www.actualidadadiario.com\/index.php\/wp-json\/wp\/v2\/posts"}],"about":[{"href":"https:\/\/www.actualidadadiario.com\/index.php\/wp-json\/wp\/v2\/types\/post"}],"author":[{"embeddable":true,"href":"https:\/\/www.actualidadadiario.com\/index.php\/wp-json\/wp\/v2\/users\/3"}],"replies":[{"embeddable":true,"href":"https:\/\/www.actualidadadiario.com\/index.php\/wp-json\/wp\/v2\/comments?post=103878"}],"version-history":[{"count":1,"href":"https:\/\/www.actualidadadiario.com\/index.php\/wp-json\/wp\/v2\/posts\/103878\/revisions"}],"predecessor-version":[{"id":103880,"href":"https:\/\/www.actualidadadiario.com\/index.php\/wp-json\/wp\/v2\/posts\/103878\/revisions\/103880"}],"wp:featuredmedia":[{"embeddable":true,"href":"https:\/\/www.actualidadadiario.com\/index.php\/wp-json\/wp\/v2\/media\/103879"}],"wp:attachment":[{"href":"https:\/\/www.actualidadadiario.com\/index.php\/wp-json\/wp\/v2\/media?parent=103878"}],"wp:term":[{"taxonomy":"category","embeddable":true,"href":"https:\/\/www.actualidadadiario.com\/index.php\/wp-json\/wp\/v2\/categories?post=103878"},{"taxonomy":"post_tag","embeddable":true,"href":"https:\/\/www.actualidadadiario.com\/index.php\/wp-json\/wp\/v2\/tags?post=103878"}],"curies":[{"name":"wp","href":"https:\/\/api.w.org\/{rel}","templated":true}]}}