{"id":103875,"date":"2023-06-28T14:34:33","date_gmt":"2023-06-28T17:34:33","guid":{"rendered":"https:\/\/www.actualidadadiario.com\/?p=103875"},"modified":"2023-06-28T14:34:33","modified_gmt":"2023-06-28T17:34:33","slug":"el-presidente-participa-de-un-acto-por-el-68-aniversario-de-la-provincializacion-de-formosa","status":"publish","type":"post","link":"https:\/\/www.actualidadadiario.com\/index.php\/2023\/06\/28\/el-presidente-participa-de-un-acto-por-el-68-aniversario-de-la-provincializacion-de-formosa\/","title":{"rendered":"El Presidente participa de un acto por el 68\u00b0 aniversario de la provincializaci\u00f3n de Formosa"},"content":{"rendered":"<p style=\"text-align: center;\"><em><strong>El mandatario viajar\u00e1 a la provincia para participar del festejo encabezado por el gobernador Gildo Insfr\u00e1n, luego de la reuni\u00f3n que mantuvo con su Gabinete nacional<\/strong><\/em><\/p>\n<p>&nbsp;<\/p>\n<p>&nbsp;<\/p>\n<p>El presidente Alberto Fern\u00e1ndez participar\u00e1 este mi\u00e9rcoles de los actos con motivo del 68\u00b0 aniversario de la provincializaci\u00f3n de Formosa, seg\u00fan\u00a0 informaron fuentes oficiales.<\/p>\n<p>Alberto\u00a0 Fern\u00e1ndez estar\u00e1 acompa\u00f1ado por el gobernador local, Gildo Insfr\u00e1n en la actividad que se realizar\u00e1 por la tarde, a la que asistir\u00e1 luego de la reuni\u00f3n de Gabinete que convoc\u00f3 el jefe de ministros.<\/p>\n<p>La reuni\u00f3n de Gabinete convocada por\u00a0 Agust\u00edn Rossi\u00a0 se realiza desde la ma\u00f1ana de este mi\u00e9rcoles una reuni\u00f3n del gabinete nacional, en el Sal\u00f3n Eva Per\u00f3n de Casa Rosada.\u00a0 Es el primer encuentro de estas caracter\u00edsticas desde el cierre de listas que lo ubic\u00f3 a Rossi como precandidato a vicepresidente por Uni\u00f3n por la Patria.<\/p>\n<p>Adem\u00e1s, de la mayor\u00eda de ministros, entre ellos Wado de Pedro, de la reuni\u00f3n participa el precandidato presidencial m\u00e1s fuerte del oficialismo y ministro de Econom\u00eda, Sergio Massa.<\/p>\n<p>Por su parte, el ministro tendr\u00e1 un mi\u00e9rcoles cargado de reuniones. Despu\u00e9s de la reuni\u00f3n del Gabinete, se encontrar\u00e1 con su equipo econ\u00f3mico para definir las pr\u00f3ximas medidas a tomar y luego del c\u00f3nclave, se difundir\u00e1n los nuevos datos econ\u00f3micos.<\/p>\n<p>Luego, Massa tendr\u00e1 un encuentro con el administrador federal de Ingresos P\u00fablicos, Carlos Castagneto y con el director general de AduSnas, Guillermo Michel. Por \u00faltimo, recibir\u00e1 a los gobernadores de La Pampa, Sergio Zilotto y de Entrre R\u00edos, Gustavo Bordet para abordar temas vinculados con la inversi\u00f3n p\u00fablica nacional.<\/p>\n","protected":false},"excerpt":{"rendered":"<p>El mandatario viajar\u00e1 a la provincia para participar del festejo encabezado por el gobernador Gildo Insfr\u00e1n, luego de la reuni\u00f3n que mantuvo con su Gabinete nacional &nbsp; &nbsp; El presidente Alberto Fern\u00e1ndez participar\u00e1 este mi\u00e9rcoles de los actos con motivo del 68\u00b0 aniversario de la provincializaci\u00f3n de Formosa, seg\u00fan\u00a0 informaron fuentes oficiales. Alberto\u00a0 Fern\u00e1ndez estar\u00e1 acompa\u00f1ado por el gobernador local, Gildo Insfr\u00e1n en la actividad que se realizar\u00e1 por la tarde, a la que asistir\u00e1 luego de la reuni\u00f3n de Gabinete que convoc\u00f3 el jefe de ministros. La reuni\u00f3n de&#8230;<\/p>\n","protected":false},"author":3,"featured_media":103876,"comment_status":"closed","ping_status":"closed","sticky":false,"template":"","format":"standard","meta":[],"categories":[18],"tags":[],"_links":{"self":[{"href":"https:\/\/www.actualidadadiario.com\/index.php\/wp-json\/wp\/v2\/posts\/103875"}],"collection":[{"href":"https:\/\/www.actualidadadiario.com\/index.php\/wp-json\/wp\/v2\/posts"}],"about":[{"href":"https:\/\/www.actualidadadiario.com\/index.php\/wp-json\/wp\/v2\/types\/post"}],"author":[{"embeddable":true,"href":"https:\/\/www.actualidadadiario.com\/index.php\/wp-json\/wp\/v2\/users\/3"}],"replies":[{"embeddable":true,"href":"https:\/\/www.actualidadadiario.com\/index.php\/wp-json\/wp\/v2\/comments?post=103875"}],"version-history":[{"count":1,"href":"https:\/\/www.actualidadadiario.com\/index.php\/wp-json\/wp\/v2\/posts\/103875\/revisions"}],"predecessor-version":[{"id":103877,"href":"https:\/\/www.actualidadadiario.com\/index.php\/wp-json\/wp\/v2\/posts\/103875\/revisions\/103877"}],"wp:featuredmedia":[{"embeddable":true,"href":"https:\/\/www.actualidadadiario.com\/index.php\/wp-json\/wp\/v2\/media\/103876"}],"wp:attachment":[{"href":"https:\/\/www.actualidadadiario.com\/index.php\/wp-json\/wp\/v2\/media?parent=103875"}],"wp:term":[{"taxonomy":"category","embeddable":true,"href":"https:\/\/www.actualidadadiario.com\/index.php\/wp-json\/wp\/v2\/categories?post=103875"},{"taxonomy":"post_tag","embeddable":true,"href":"https:\/\/www.actualidadadiario.com\/index.php\/wp-json\/wp\/v2\/tags?post=103875"}],"curies":[{"name":"wp","href":"https:\/\/api.w.org\/{rel}","templated":true}]}}