{"id":103872,"date":"2023-06-28T14:32:51","date_gmt":"2023-06-28T17:32:51","guid":{"rendered":"https:\/\/www.actualidadadiario.com\/?p=103872"},"modified":"2023-06-28T14:32:51","modified_gmt":"2023-06-28T17:32:51","slug":"senal-de-unidad-con-alberto-fernandez-el-gabinete-respaldo-la-formula-massa-rossi","status":"publish","type":"post","link":"https:\/\/www.actualidadadiario.com\/index.php\/2023\/06\/28\/senal-de-unidad-con-alberto-fernandez-el-gabinete-respaldo-la-formula-massa-rossi\/","title":{"rendered":"Se\u00f1al de unidad: con Alberto Fern\u00e1ndez, el Gabinete respald\u00f3 la f\u00f3rmula Massa-Rossi"},"content":{"rendered":"<p style=\"text-align: center;\"><em><strong>El jefe de Gabinete y precandidato Agust\u00edn Rossi llam\u00f3 a un encuentro de los ministros nacionales para afrontar los \u00faltimos meses de gesti\u00f3n<\/strong><\/em><\/p>\n<p>&nbsp;<\/p>\n<p>&nbsp;<\/p>\n<p>Luego de un fren\u00e9tico cierre de listas para las elecciones 2023 que finalmente termin\u00f3 con una f\u00f3rmula de unidad mayoritaria, las filas del oficialismo se reordenan. En este marco, se realiz\u00f3 en Casa Rosada una nueva reuni\u00f3n de ministros convocada por el Jefe de Gabinete y precandidato presidencial, Agust\u00edn Rossi, que dej\u00f3 una foto pol\u00edtica de respaldo a la f\u00f3rmula que comparte junto a Sergio Massa.<\/p>\n<p>La reuni\u00f3n comenz\u00f3 pasadas las 10:30 y particip\u00f3 de la misma el presidente Alberto Fern\u00e1ndez, quien recibi\u00f3 antes en su despacho a los precandidatos, a quienes escolt\u00f3 al Sal\u00f3n Eva Per\u00f3n de la Casa de Gobierno donde fueron recibidos con aplausos.<\/p>\n<p>El c\u00f3nclave cont\u00f3 con asistencia casi perfecta ya que participaron todos los miembros del Gabinete menos el titular de la cartera de Educaci\u00f3n, Jaime Perczyk, y de Justicia, Mart\u00edn Soria. La de hoy fue una de las primeras fotos de la f\u00f3rmula de unidad del oficialismo, luego de que los precandidatos se cruzaran el lunes en el acto de la repatriaci\u00f3n de uno de los aviones de los &#8220;vuelos de la muerte&#8221; de la \u00faltima dictadura militar.<\/p>\n<p>Al t\u00e9rmino de la reuni\u00f3n el Jefe de Gabinete encabez\u00f3 una declaraci\u00f3n a la prensa en la sala de conferencias de Rosada, en la que se\u00f1al\u00f3 que Alberto Fern\u00e1ndez &#8220;inst\u00f3&#8221; a los ministros del gabinete a &#8220;fortalecer la gesti\u00f3n&#8221; de cara a las primarias abiertas.<\/p>\n<p>Consultado sobre las cr\u00edticas de algunos integrantes del espacio a Sergio Massa, Rossi reconoci\u00f3 &#8220;diferencias en el pasado&#8221;. &#8220;Una parte de esas diferencias se metaboliz\u00f3 cuando constituimos el Frente de Todos, despu\u00e9s entend\u00ed que las diferencias quedaron absolutamente metalizabolizadas cuando todo el arco pol\u00edtico apoy\u00f3 la llegada de Sergio al Ministerio de Econom\u00eda&#8221;, se\u00f1al\u00f3.<\/p>\n<p>&#8220;Todo aquel que milita en el peronismo no siente que la historia empez\u00f3 cuando lleg\u00f3 cada uno, sino que es heredero de los esfuerzos de los compa\u00f1eros del primero y segundo gobierno peronista y de la resistencia. Cuando uno tiene una mirada m\u00e1s colectiva las cuestiones adquieren otra dimensi\u00f3n&#8221;, agreg\u00f3 Rossi sobre la conformaci\u00f3n de la f\u00f3rmula.<\/p>\n<p>En tanto, aprovech\u00f3 para cuestionar a la oposici\u00f3n: &#8220;Ellos gobernaron cuatro a\u00f1os y pasaron a cuestionar sin un paso intermedio, que es explicar por qu\u00e9 gobernaron tan mal en tan poco tiempo. Alguien se tiene que hacer cargo, todav\u00eda los argentinos est\u00e1n esperando una explicaci\u00f3n, \u00bfqui\u00e9n la va a dar, Larreta, Bullrich, Milei?&#8221;.<\/p>\n<p>La reuni\u00f3n tuvo lugar en momentos en que todav\u00eda persiste la tensi\u00f3n entre el kirchnerismo y el albertismo por la f\u00f3rmula. En este marco, mientras se desarrollaba el encuentro reapareci\u00f3 el ministro de Desarrollo de la Comunidad de la provincia de Buenos Aires, Andr\u00e9s &#8216;Cuervo&#8217; Larroque, quien a trav\u00e9s de un escueto comunicado convoc\u00f3 a votar la lista de Uni\u00f3n por la Patria (UxP) y sostuvo que &#8220;solo el peronismo garantiza la posibilidad de construir un camino de inclusi\u00f3n y desarrollo&#8221;.<\/p>\n<p>Con la firma de la organizaci\u00f3n &#8220;La Patria es el Otro&#8221; el ministro provincial explic\u00f3 las causas por las que respalda la f\u00f3rmula del oficialismo, de cara a las primarias abiertas, simult\u00e1neas y obligatorias (PASO) del 13 de agosto.<\/p>\n<p>Participaron adem\u00e1s del encuentro Santiago Cafiero (Canciller\u00eda) y Victoria Tolosa Paz (Desarrollo Social). Ambos funcionarios recibieron cr\u00edticas esta semana por parte de la vicepresidenta Cristina Fern\u00e1ndez de Kirchner. Seg\u00fan la expresidenta, la inclusi\u00f3n de Tolosa Paz y Cafiero en la lista de diputados fue motivo de conflicto. Sin embargo, la vicepresidenta se\u00f1al\u00f3 que la cuesti\u00f3n se zanj\u00f3 luego &#8220;de darle dos puestos de diputados, uno a la que compet\u00eda con Axel (Kicillof) y otra para el ahora Canciller (Santiago Cafiero)&#8221;. Y expres\u00f3: &#8220;Era mucho menos de lo que uno pensaba. Cuando uno ve estas actitudes y estas cosas&#8230;Esta es la verdad. En esto terminaron las PASO&#8221;.<\/p>\n<p>Fueron parte tambi\u00e9n de la partida las ministras de Trabajo, Kelly Olmos; de Salud, Carla Vizzotti; de Diversidad, Ayel\u00e9n Mazzina; y los ministros de Interior, Eduardo de Pedro; de Ciencia, Tecnolog\u00eda e Innovaci\u00f3n, Daniel Filmus; de Seguridad, An\u00edbal Fern\u00e1ndez; de Transporte, Diego Giuliano; de Ambiente, Juan Cabandi\u00e9; de Turismo, Mat\u00edas Lammens; de Cultura, Trist\u00e1n Bauer, de Obras P\u00fablicas, Gabriel Katopodis; de Defensa, Jorge Taiana; y de Desarrollo Territorial y Habitat, Santiago Maggiotti.<\/p>\n<p>Estuvieron presentes tambi\u00e9n el vicejefe de Gabinete, Juan Manuel Olmos; el secretario General de la Presidencia, Julio Vitobello; la presidenta del Banco Naci\u00f3n, Silvina Batakis; la secretaria de Legal y T\u00e9cnica Vilma Ibarra; la secretaria de Asuntos Estrat\u00e9gicos de la Presidencia Mercedes Marc\u00f3 del Pont; la portavoz de la presidencia, Gabriela Cerruti y el secretario de Medios y Comunicaci\u00f3n P\u00fablica, Juan Ross.<\/p>\n","protected":false},"excerpt":{"rendered":"<p>El jefe de Gabinete y precandidato Agust\u00edn Rossi llam\u00f3 a un encuentro de los ministros nacionales para afrontar los \u00faltimos meses de gesti\u00f3n &nbsp; &nbsp; Luego de un fren\u00e9tico cierre de listas para las elecciones 2023 que finalmente termin\u00f3 con una f\u00f3rmula de unidad mayoritaria, las filas del oficialismo se reordenan. En este marco, se realiz\u00f3 en Casa Rosada una nueva reuni\u00f3n de ministros convocada por el Jefe de Gabinete y precandidato presidencial, Agust\u00edn Rossi, que dej\u00f3 una foto pol\u00edtica de respaldo a la f\u00f3rmula que comparte junto a Sergio&#8230;<\/p>\n","protected":false},"author":3,"featured_media":103873,"comment_status":"closed","ping_status":"closed","sticky":false,"template":"","format":"standard","meta":[],"categories":[9],"tags":[],"_links":{"self":[{"href":"https:\/\/www.actualidadadiario.com\/index.php\/wp-json\/wp\/v2\/posts\/103872"}],"collection":[{"href":"https:\/\/www.actualidadadiario.com\/index.php\/wp-json\/wp\/v2\/posts"}],"about":[{"href":"https:\/\/www.actualidadadiario.com\/index.php\/wp-json\/wp\/v2\/types\/post"}],"author":[{"embeddable":true,"href":"https:\/\/www.actualidadadiario.com\/index.php\/wp-json\/wp\/v2\/users\/3"}],"replies":[{"embeddable":true,"href":"https:\/\/www.actualidadadiario.com\/index.php\/wp-json\/wp\/v2\/comments?post=103872"}],"version-history":[{"count":1,"href":"https:\/\/www.actualidadadiario.com\/index.php\/wp-json\/wp\/v2\/posts\/103872\/revisions"}],"predecessor-version":[{"id":103874,"href":"https:\/\/www.actualidadadiario.com\/index.php\/wp-json\/wp\/v2\/posts\/103872\/revisions\/103874"}],"wp:featuredmedia":[{"embeddable":true,"href":"https:\/\/www.actualidadadiario.com\/index.php\/wp-json\/wp\/v2\/media\/103873"}],"wp:attachment":[{"href":"https:\/\/www.actualidadadiario.com\/index.php\/wp-json\/wp\/v2\/media?parent=103872"}],"wp:term":[{"taxonomy":"category","embeddable":true,"href":"https:\/\/www.actualidadadiario.com\/index.php\/wp-json\/wp\/v2\/categories?post=103872"},{"taxonomy":"post_tag","embeddable":true,"href":"https:\/\/www.actualidadadiario.com\/index.php\/wp-json\/wp\/v2\/tags?post=103872"}],"curies":[{"name":"wp","href":"https:\/\/api.w.org\/{rel}","templated":true}]}}