{"id":103870,"date":"2023-06-28T14:32:01","date_gmt":"2023-06-28T17:32:01","guid":{"rendered":"https:\/\/www.actualidadadiario.com\/?p=103870"},"modified":"2023-06-28T14:32:01","modified_gmt":"2023-06-28T17:32:01","slug":"como-sigue-el-calendario-electoral-tras-la-confirmacion-de-las-formulas-presidenciales-3","status":"publish","type":"post","link":"https:\/\/www.actualidadadiario.com\/index.php\/2023\/06\/28\/como-sigue-el-calendario-electoral-tras-la-confirmacion-de-las-formulas-presidenciales-3\/","title":{"rendered":"C\u00f3mo sigue el calendario electoral, tras la confirmaci\u00f3n de las f\u00f3rmulas presidenciales"},"content":{"rendered":"<p style=\"text-align: center;\"><em><strong>Campa\u00f1a, padrones, spots publicitarios y veda, son algunas de las distintas etapas que se ir\u00e1n sucediendo en las pr\u00f3ximas semanas, antes de las PASO del domingo 13 de agosto<\/strong><\/em><\/p>\n<p>&nbsp;<\/p>\n<p>&nbsp;<\/p>\n<p>Tras el cierre de listas y la consecuente confirmaci\u00f3n de las f\u00f3rmulas presidenciales, el calendario electoral continuar\u00e1 su marcha y se pondr\u00e1n a rodar las distintas campa\u00f1as proselitistas de cara a las PASO del 13 de agosto.<\/p>\n<p>El cronograma publicado por la C\u00e1mara Nacional Electoral mediante la Acordada Extraordinaria N\u00ba 35, estableci\u00f3, entre otras cuestiones, las fechas de las elecciones primarias y las generales, cu\u00e1ndo podr\u00e1n consultarse los padrones y los plazos de la campa\u00f1a electoral.<\/p>\n<p>Adem\u00e1s, se fijaron las fechas de los Debates Presidenciales Obligatorios que se realizar\u00e1n el 1\u00b0 y el 8 de octubre, y en caso que hubiera una segunda vuelta, se realizar\u00e1 un tercer debate el 12 de noviembre.<\/p>\n<p>El pasado s\u00e1bado, adem\u00e1s del cierre de listas, tambi\u00e9n se dio por iniciada la campa\u00f1a electoral en la carrera por la Casa Rosada: redes sociales, afiches, pintadas y publicidad en los medios son algunas de las estrategias que comenzaron a desplegar los precandidatos para atraer a los votantes.<\/p>\n<p>&nbsp;<\/p>\n<p><strong>Las fechas destacadas del cronograma electoral nacional<\/strong><\/p>\n<p>&#8211; 9 de julio: inicio de la campa\u00f1a electoral para las PASO en medios de comunicaci\u00f3n audiovisual.<\/p>\n<p>&nbsp;<\/p>\n<p>&#8211; 14 de julio: designaci\u00f3n de autoridades de mesa y publicaci\u00f3n del padr\u00f3n definitivo.<\/p>\n<p>&nbsp;<\/p>\n<p>&#8211; 19 de julio: comienzo de la prohibici\u00f3n de actos p\u00fablicos susceptibles de promover la captaci\u00f3n del sufragio.<\/p>\n<p>&nbsp;<\/p>\n<p>&#8211; 29 de julio: difusi\u00f3n de los lugares y mesas de votaci\u00f3n.<\/p>\n<p>&nbsp;<\/p>\n<p>&#8211; 11 de agosto: fin de la campa\u00f1a electoral y comienzo de la veda electoral.<\/p>\n<p>&nbsp;<\/p>\n<p>&#8211; 13 de agosto: elecciones Primarias, Abiertas, Simult\u00e1neas y Obligatorias (PASO).<\/p>\n<p>&nbsp;<\/p>\n<p>&#8211; 2 de septiembre: inicio de la campa\u00f1a electoral para las generales.<\/p>\n<p>&nbsp;<\/p>\n<p>&#8211; 17 de septiembre: inicio de la campa\u00f1a electoral en medios de comunicaci\u00f3n audiovisual.<\/p>\n<p>&nbsp;<\/p>\n<p>&#8211; 22 de septiembre: publicaci\u00f3n de los padrones definitivos.<\/p>\n<p>&nbsp;<\/p>\n<p>&#8211; 27 de septiembre: comienzo de la prohibici\u00f3n de actos p\u00fablicos susceptibles de promover la captaci\u00f3n del sufragio.<\/p>\n<p>&nbsp;<\/p>\n<p>&#8211; 1\u00ba de octubre: debate presidencial obligatorio (primera instancia).<\/p>\n<p>&nbsp;<\/p>\n<p>&#8211; 8 de octubre: debate presidencial obligatorio (segunda instancia).<\/p>\n<p>&nbsp;<\/p>\n<p>&#8211; 20 de octubre: fin de la campa\u00f1a y comienzo de la veda electoral.<\/p>\n<p>&nbsp;<\/p>\n<p>&#8211; 22 de octubre: elecciones generales.<\/p>\n<p>&nbsp;<\/p>\n<p>&#8211; 12 de noviembre: debate presidencial obligatorio (en caso de celebrarse una eventual segunda vuelta).<\/p>\n<p>&nbsp;<\/p>\n<p>&#8211; 19 de noviembre: eventual balotaje.<\/p>\n","protected":false},"excerpt":{"rendered":"<p>Campa\u00f1a, padrones, spots publicitarios y veda, son algunas de las distintas etapas que se ir\u00e1n sucediendo en las pr\u00f3ximas semanas, antes de las PASO del domingo 13 de agosto &nbsp; &nbsp; Tras el cierre de listas y la consecuente confirmaci\u00f3n de las f\u00f3rmulas presidenciales, el calendario electoral continuar\u00e1 su marcha y se pondr\u00e1n a rodar las distintas campa\u00f1as proselitistas de cara a las PASO del 13 de agosto. El cronograma publicado por la C\u00e1mara Nacional Electoral mediante la Acordada Extraordinaria N\u00ba 35, estableci\u00f3, entre otras cuestiones, las fechas de las&#8230;<\/p>\n","protected":false},"author":3,"featured_media":103813,"comment_status":"closed","ping_status":"closed","sticky":false,"template":"","format":"standard","meta":[],"categories":[9],"tags":[],"_links":{"self":[{"href":"https:\/\/www.actualidadadiario.com\/index.php\/wp-json\/wp\/v2\/posts\/103870"}],"collection":[{"href":"https:\/\/www.actualidadadiario.com\/index.php\/wp-json\/wp\/v2\/posts"}],"about":[{"href":"https:\/\/www.actualidadadiario.com\/index.php\/wp-json\/wp\/v2\/types\/post"}],"author":[{"embeddable":true,"href":"https:\/\/www.actualidadadiario.com\/index.php\/wp-json\/wp\/v2\/users\/3"}],"replies":[{"embeddable":true,"href":"https:\/\/www.actualidadadiario.com\/index.php\/wp-json\/wp\/v2\/comments?post=103870"}],"version-history":[{"count":1,"href":"https:\/\/www.actualidadadiario.com\/index.php\/wp-json\/wp\/v2\/posts\/103870\/revisions"}],"predecessor-version":[{"id":103871,"href":"https:\/\/www.actualidadadiario.com\/index.php\/wp-json\/wp\/v2\/posts\/103870\/revisions\/103871"}],"wp:featuredmedia":[{"embeddable":true,"href":"https:\/\/www.actualidadadiario.com\/index.php\/wp-json\/wp\/v2\/media\/103813"}],"wp:attachment":[{"href":"https:\/\/www.actualidadadiario.com\/index.php\/wp-json\/wp\/v2\/media?parent=103870"}],"wp:term":[{"taxonomy":"category","embeddable":true,"href":"https:\/\/www.actualidadadiario.com\/index.php\/wp-json\/wp\/v2\/categories?post=103870"},{"taxonomy":"post_tag","embeddable":true,"href":"https:\/\/www.actualidadadiario.com\/index.php\/wp-json\/wp\/v2\/tags?post=103870"}],"curies":[{"name":"wp","href":"https:\/\/api.w.org\/{rel}","templated":true}]}}