{"id":103861,"date":"2023-06-28T14:29:20","date_gmt":"2023-06-28T17:29:20","guid":{"rendered":"https:\/\/www.actualidadadiario.com\/?p=103861"},"modified":"2023-06-28T14:29:20","modified_gmt":"2023-06-28T17:29:20","slug":"afip-como-quedan-las-escalas-de-monotributo-desde-julio","status":"publish","type":"post","link":"https:\/\/www.actualidadadiario.com\/index.php\/2023\/06\/28\/afip-como-quedan-las-escalas-de-monotributo-desde-julio\/","title":{"rendered":"AFIP: c\u00f3mo quedan las escalas de monotributo desde julio"},"content":{"rendered":"<p style=\"text-align: center;\"><em><strong>Desde el pr\u00f3ximo mes AFIP actualizar\u00e1 los topes de facturaci\u00f3n de cada categor\u00eda del monotributo<\/strong><\/em><\/p>\n<p>&nbsp;<\/p>\n<p>&nbsp;<\/p>\n<p>La Administraci\u00f3n Federal de Ingresos P\u00fablicos (AFIP) oficializ\u00f3 que a partir del primero de julio, los niveles de facturaci\u00f3n del monotributo aumentaran un 41,5% a trav\u00e9s del decreto 315\/2023 publicado en el Bolet\u00edn Oficial.<\/p>\n<p>Estas medidas del Ministerio de Econom\u00eda generan un alivio fiscal en 4.781.614 de trabajadores de todo el pa\u00eds. Adem\u00e1s, no habr\u00e1 cambios en la cuota mensual, y podr\u00e1n acceder a cr\u00e9ditos tasa fija del 43% para capital de trabajo.<\/p>\n<p>El aumento en las escalas se produce en julio precisamente porque es el mes donde los monotributistas deben recategorizarse, dado que los per\u00edodos de recategorizaci\u00f3n se producen cada seis meses.<\/p>\n<p>Este se trata de un beneficio para monotributistas que permitir\u00e1 que recompongan el poder adquisitivo y obtengan una mejora del salario de bolsillo que se traduce en mayor consumo y actividad econ\u00f3mica. El objetivo de las medidas es incentivar el consumo de un sector clave de la poblaci\u00f3n.<\/p>\n<p>&nbsp;<\/p>\n<p><strong>C\u00f3mo quedan las escalas del monotributo a partir de julio de 2023<\/strong><\/p>\n<ul>\n<li>Categor\u00eda A pasar\u00e1n de $ 999.657,23 a $ 1.414.762,58<\/li>\n<li>Categor\u00eda B de $ 1.485.976,96 a $ 2.103.025,45<\/li>\n<li>Categor\u00eda C de $ 2.080.367,73 a $ 2.944.235,60<\/li>\n<li>Categor\u00eda D de $ 2.583.720,42 a $ 3.656.604,33;<\/li>\n<li>Categor\u00eda E de $ 3.042.435,05 a $ 4.305.799,15.<\/li>\n<li>Categor\u00eda F de $ 3.803.043,82 a $ 5.382.248,94<\/li>\n<li>Categor\u00eda G de $ 4.563.652,57 a $ 6.458.698,71<\/li>\n<li>Categor\u00eda H de $ 5.650.236,51 a $ 7.996.484,11.<\/li>\n<li>Categor\u00eda I $ 6.323.918,55 a $ 8.949.911,06<\/li>\n<li>Categor\u00eda J de $ 7.247.514,92 a $ 10.257.028,68<\/li>\n<li>Categor\u00eda K de $ 8.040.721,19 a $ 11.379.612,01.<\/li>\n<\/ul>\n<p>En la actualidad, 2.894.352 de monotributistas pertenecen a la categor\u00eda A; 642.137 a la B; 359.565 a la C; 350.964 a la D; 180.989 a la E; 185.074 a la F; 107.562 a la G; 49.608 a la H; 7.471 a la I; 2.575 a la J; y 1.317 a la K.<\/p>\n<p>&nbsp;<\/p>\n<p><strong>\u00bfCu\u00e1ndo hay que recategorizarse en el Monotributo?<\/strong><\/p>\n<p>Para evaluar si corresponde una recategorizaci\u00f3n se debe tener en cuenta la actividad de los \u00faltimos 12 meses respecto a la facturaci\u00f3n o alguno de los otros par\u00e1metros utilizados para el encasillamiento como la superficie afectada, los alquileres devengados anualmente o el consumo de energ\u00eda el\u00e9ctrica.<\/p>\n<p>Si los par\u00e1metros analizados superan o son inferiores a los de la categor\u00eda vigente corresponde realizar la recategorizaci\u00f3n. Y el importe correspondiente a la nueva categor\u00eda se abonar\u00e1 al mes siguiente a la recategorizaci\u00f3n.<\/p>\n<p>Por otro lado, si transcurrieron menos de 6 meses de la inscripci\u00f3n en el monotributo no corresponde hacer la recategorizaci\u00f3n. En tanto, aquellos monotributistas que mantengan la misma categor\u00eda no deber\u00e1n efectuar ninguna acci\u00f3n.<\/p>\n","protected":false},"excerpt":{"rendered":"<p>Desde el pr\u00f3ximo mes AFIP actualizar\u00e1 los topes de facturaci\u00f3n de cada categor\u00eda del monotributo &nbsp; &nbsp; La Administraci\u00f3n Federal de Ingresos P\u00fablicos (AFIP) oficializ\u00f3 que a partir del primero de julio, los niveles de facturaci\u00f3n del monotributo aumentaran un 41,5% a trav\u00e9s del decreto 315\/2023 publicado en el Bolet\u00edn Oficial. Estas medidas del Ministerio de Econom\u00eda generan un alivio fiscal en 4.781.614 de trabajadores de todo el pa\u00eds. Adem\u00e1s, no habr\u00e1 cambios en la cuota mensual, y podr\u00e1n acceder a cr\u00e9ditos tasa fija del 43% para capital de trabajo&#8230;.<\/p>\n","protected":false},"author":3,"featured_media":88812,"comment_status":"closed","ping_status":"closed","sticky":false,"template":"","format":"standard","meta":[],"categories":[2],"tags":[],"_links":{"self":[{"href":"https:\/\/www.actualidadadiario.com\/index.php\/wp-json\/wp\/v2\/posts\/103861"}],"collection":[{"href":"https:\/\/www.actualidadadiario.com\/index.php\/wp-json\/wp\/v2\/posts"}],"about":[{"href":"https:\/\/www.actualidadadiario.com\/index.php\/wp-json\/wp\/v2\/types\/post"}],"author":[{"embeddable":true,"href":"https:\/\/www.actualidadadiario.com\/index.php\/wp-json\/wp\/v2\/users\/3"}],"replies":[{"embeddable":true,"href":"https:\/\/www.actualidadadiario.com\/index.php\/wp-json\/wp\/v2\/comments?post=103861"}],"version-history":[{"count":1,"href":"https:\/\/www.actualidadadiario.com\/index.php\/wp-json\/wp\/v2\/posts\/103861\/revisions"}],"predecessor-version":[{"id":103862,"href":"https:\/\/www.actualidadadiario.com\/index.php\/wp-json\/wp\/v2\/posts\/103861\/revisions\/103862"}],"wp:featuredmedia":[{"embeddable":true,"href":"https:\/\/www.actualidadadiario.com\/index.php\/wp-json\/wp\/v2\/media\/88812"}],"wp:attachment":[{"href":"https:\/\/www.actualidadadiario.com\/index.php\/wp-json\/wp\/v2\/media?parent=103861"}],"wp:term":[{"taxonomy":"category","embeddable":true,"href":"https:\/\/www.actualidadadiario.com\/index.php\/wp-json\/wp\/v2\/categories?post=103861"},{"taxonomy":"post_tag","embeddable":true,"href":"https:\/\/www.actualidadadiario.com\/index.php\/wp-json\/wp\/v2\/tags?post=103861"}],"curies":[{"name":"wp","href":"https:\/\/api.w.org\/{rel}","templated":true}]}}