{"id":103850,"date":"2023-06-28T12:55:39","date_gmt":"2023-06-28T15:55:39","guid":{"rendered":"https:\/\/www.actualidadadiario.com\/?p=103850"},"modified":"2023-06-28T12:55:39","modified_gmt":"2023-06-28T15:55:39","slug":"agmer-realizara-manana-un-congreso-extraordinario","status":"publish","type":"post","link":"https:\/\/www.actualidadadiario.com\/index.php\/2023\/06\/28\/agmer-realizara-manana-un-congreso-extraordinario\/","title":{"rendered":"Agmer realizar\u00e1 ma\u00f1ana un congreso extraordinario"},"content":{"rendered":"<p style=\"text-align: center;\"><em><strong>El gremio docente llevar\u00e1 a cabo un congreso extraordinario en la ciudad de Diamante este jueves 29 de junio a las 9 de la ma\u00f1ana. En el mismo se tratar\u00e1n cuestiones tales como la elecci\u00f3n mesa del congreso, el Informe de gesti\u00f3n, entre otros<\/strong><\/em><\/p>\n<p>&nbsp;<\/p>\n<p>&nbsp;<\/p>\n<p>La Asociaci\u00f3n Gremial del Magisterio de Entre R\u00edos convoc\u00f3 a un congreso extraordinario para este jueves 29 de junio, que tendr\u00e1 lugar a las 9 en el sal\u00f3n Sociedad Espa\u00f1ola de Socorros Mutuos (Sarmiento y Col\u00f3n) de Diamante.<\/p>\n<p>En el c\u00f3nclave el gremio tratar\u00e1: la elecci\u00f3n mesa del congreso, se llevar\u00e1 a cabo un informe de gesti\u00f3n, se realizar\u00e1 un an\u00e1lisis de la situaci\u00f3n nacional y provincial, se pensar\u00e1n estrategias a seguir y, por \u00faltimo, se har\u00e1 la lectura y aprobaci\u00f3n del acta.<\/p>\n<p>A su vez, Agmer envi\u00f3 material para las asambleas escolares que se llevar\u00e1n a cabo en toda la provincia este martes y mi\u00e9rcoles de cara al Congreso Extraordinario.<\/p>\n<p>En el material de debate de las asambleas, el gremio expresa &#8220;preocupaci\u00f3n por la presi\u00f3n del poder econ\u00f3mico y la necesidad de proteger los derechos laborales y salariales de los docentes; as\u00ed como tambi\u00e9n garantizar salarios dignos y promover la unidad y participaci\u00f3n democr\u00e1tica dentro del sindicato&#8221;.<\/p>\n","protected":false},"excerpt":{"rendered":"<p>El gremio docente llevar\u00e1 a cabo un congreso extraordinario en la ciudad de Diamante este jueves 29 de junio a las 9 de la ma\u00f1ana. En el mismo se tratar\u00e1n cuestiones tales como la elecci\u00f3n mesa del congreso, el Informe de gesti\u00f3n, entre otros &nbsp; &nbsp; La Asociaci\u00f3n Gremial del Magisterio de Entre R\u00edos convoc\u00f3 a un congreso extraordinario para este jueves 29 de junio, que tendr\u00e1 lugar a las 9 en el sal\u00f3n Sociedad Espa\u00f1ola de Socorros Mutuos (Sarmiento y Col\u00f3n) de Diamante. En el c\u00f3nclave el gremio tratar\u00e1:&#8230;<\/p>\n","protected":false},"author":3,"featured_media":91487,"comment_status":"closed","ping_status":"closed","sticky":false,"template":"","format":"standard","meta":[],"categories":[15],"tags":[],"_links":{"self":[{"href":"https:\/\/www.actualidadadiario.com\/index.php\/wp-json\/wp\/v2\/posts\/103850"}],"collection":[{"href":"https:\/\/www.actualidadadiario.com\/index.php\/wp-json\/wp\/v2\/posts"}],"about":[{"href":"https:\/\/www.actualidadadiario.com\/index.php\/wp-json\/wp\/v2\/types\/post"}],"author":[{"embeddable":true,"href":"https:\/\/www.actualidadadiario.com\/index.php\/wp-json\/wp\/v2\/users\/3"}],"replies":[{"embeddable":true,"href":"https:\/\/www.actualidadadiario.com\/index.php\/wp-json\/wp\/v2\/comments?post=103850"}],"version-history":[{"count":1,"href":"https:\/\/www.actualidadadiario.com\/index.php\/wp-json\/wp\/v2\/posts\/103850\/revisions"}],"predecessor-version":[{"id":103851,"href":"https:\/\/www.actualidadadiario.com\/index.php\/wp-json\/wp\/v2\/posts\/103850\/revisions\/103851"}],"wp:featuredmedia":[{"embeddable":true,"href":"https:\/\/www.actualidadadiario.com\/index.php\/wp-json\/wp\/v2\/media\/91487"}],"wp:attachment":[{"href":"https:\/\/www.actualidadadiario.com\/index.php\/wp-json\/wp\/v2\/media?parent=103850"}],"wp:term":[{"taxonomy":"category","embeddable":true,"href":"https:\/\/www.actualidadadiario.com\/index.php\/wp-json\/wp\/v2\/categories?post=103850"},{"taxonomy":"post_tag","embeddable":true,"href":"https:\/\/www.actualidadadiario.com\/index.php\/wp-json\/wp\/v2\/tags?post=103850"}],"curies":[{"name":"wp","href":"https:\/\/api.w.org\/{rel}","templated":true}]}}