{"id":103847,"date":"2023-06-28T12:54:45","date_gmt":"2023-06-28T15:54:45","guid":{"rendered":"https:\/\/www.actualidadadiario.com\/?p=103847"},"modified":"2023-06-28T12:54:45","modified_gmt":"2023-06-28T15:54:45","slug":"se-moderniza-el-equipamiento-informatico-en-efectores-de-salud-de-toda-la-provincia","status":"publish","type":"post","link":"https:\/\/www.actualidadadiario.com\/index.php\/2023\/06\/28\/se-moderniza-el-equipamiento-informatico-en-efectores-de-salud-de-toda-la-provincia\/","title":{"rendered":"Se moderniza el equipamiento inform\u00e1tico en efectores de salud de toda la provincia"},"content":{"rendered":"<p style=\"text-align: center;\"><em><strong>La Provincia, a trav\u00e9s del Ministerio de Salud, ya ha distribuido casi 90 computadoras en establecimientos de 14 departamentos con el objetivo de promover la implementaci\u00f3n del sistema Salud Digital Entre R\u00edos (Sader)<\/strong><\/em><\/p>\n<p>&nbsp;<\/p>\n<p>&nbsp;<\/p>\n<p>El Ministerio de Salud de Entre R\u00edos avanza en la distribuci\u00f3n de equipamiento inform\u00e1tico a hospitales y centros de salud de toda la provincia en el marco del proyecto de Salud Digital. Los equipos provistos, suministrados desde Naci\u00f3n, son destinados a la realizaci\u00f3n de acciones inherentes a la implementaci\u00f3n de la Historia Cl\u00ednica Digital y su circuito en los hospitales y centros atenci\u00f3n primaria, para garantizar el derecho a la salud de la comunidad.<\/p>\n<p>De este modo, ya se han entregado 89 computadoras all in one a establecimientos de 14 departamentos, y en los pr\u00f3ximos d\u00edas se entregar\u00e1n otras 13 en los departamentos restantes.<\/p>\n<p>Asimismo, teniendo presente que la entrega de estas computadoras tiene como objetivo modernizar el equipamiento disponible en los establecimientos para facilitar el registro de las pr\u00e1cticas realizadas por cada efector en el sistema inform\u00e1tico, de forma complementaria, la cartera viene capacitando a los equipos de salud en la utilizaci\u00f3n de herramientas digitales.<\/p>\n<p>&nbsp;<\/p>\n<p><strong>Impresiones<\/strong><\/p>\n<p>El director del hospital J. J. Urquiza de Concepci\u00f3n del Uruguay, Pablo Lombardi, expres\u00f3: \u201cComo cada vez que recibimos inversi\u00f3n en tecnolog\u00eda destinada a cualquiera de los servicios que tenemos en el hospital, siempre es bienvenido y de mucha ayuda. Esta vez fueron computadoras, que sin ning\u00fan lugar a dudas van a contribuir a mejorar la calidad y la prestaci\u00f3n de los servicios en cada una de las \u00e1reas\u201d. El referente explic\u00f3 que todav\u00eda se est\u00e1 definiendo en qu\u00e9 sectores se utilizar\u00e1n los equipos incorporados: \u201cVamos a ubicarlos tomando en cuenta las necesidades que tenemos en los distintos lugares, para tratar de aprovecharlas de la mejor manera posible\u201d, complet\u00f3.<\/p>\n<p>En tanto que el director del hospital geri\u00e1trico Pascual Palma, Esteban Sartore, se\u00f1al\u00f3: \u201cEn el marco de las medidas de cuidado y protecci\u00f3n de nuestros adultos mayores, el hospital Pascual Palma ha recibido estas cuatro computadoras que vienen a sumar una mejor atenci\u00f3n y mejor servicio\u201d. Y agreg\u00f3: \u201cLuego de la coordinaci\u00f3n con el subsecretario de Redes Integradas de Servicios de Salud, Marcos Bachetti, hemos decidido la distribuci\u00f3n en cada una de las salas, como as\u00ed tambi\u00e9n en Consultorio Externo y en el \u00e1rea de Estad\u00edstica, donde se entregan los turnos para consultorio. De esta manera se agiliza la atenci\u00f3n de los adultos mayores en nuestro hospital\u201d.<\/p>\n<p>Por su parte, la subsecretaria de Salud de Paran\u00e1, Silvina Saavedra, valor\u00f3: \u201cEste trabajo articulado, como tambi\u00e9n toda incorporaci\u00f3n de equipamiento, son positivos para la gesti\u00f3n de salud\u201d.<\/p>\n<p>Sobre los equipos recibidos, la funcionaria precis\u00f3: \u201cEsto es una herramienta m\u00e1s que van a tener en los consultorios, para que ya en la consulta se empiece a registrar la informaci\u00f3n de la atenci\u00f3n cl\u00ednica del paciente\u201d. Y agreg\u00f3: \u201cSi bien ya se viene realizando el registro a trav\u00e9s del Programa Sumar, con el uso de la turnera y la digitalizaci\u00f3n de toda esa informaci\u00f3n, es algo que siempre se va actualizando y con esta incorporaci\u00f3n se moderniza el equipamiento de los efectores\u201d.<\/p>\n<p>&nbsp;<\/p>\n<p><strong>Destinos de los equipos<\/strong><\/p>\n<p>A la fecha, se han entregado 89 computadoras all in one a hospitales y centros de salud a lo largo y ancho de la provincia, provistas en el marco del proyecto de Salud Digital.<\/p>\n<p>En rigor, ya han recibido los elementos los hospitales San Roque (10), San Martin (7) y Pascual Palma (4) de Paran\u00e1; San Roque de Rosario del Tala (4); San Jos\u00e9 de Diamante (4); Nuestra Se\u00f1ora de Luj\u00e1n de General Ram\u00edrez (4); San Antonio de Gualeguay (4); San Jos\u00e9 de Federaci\u00f3n (4); Santa Rosa de Chajar\u00ed (4); Felipe Heras (3) y Delicia Concepci\u00f3n Masvernat (5), ambos de Concordia; San Benjam\u00edn de Col\u00f3n (4); San Blas de Nogoy\u00e1 (4); J. J. Urquiza de Concepci\u00f3n del Uruguay (4); Sagrado Coraz\u00f3n de Jes\u00fas de Basavilbaso (3); Ferm\u00edn Salaberry de Victoria (5); General Francisco Ram\u00edrez de Feliciano (3); Villa Paranacito de la localidad hom\u00f3nima (2); San Miguel de San Salvador (3) y Centenario de Gualeguaych\u00fa (4).<\/p>\n<p>Asimismo, tambi\u00e9n se busca integrar a los establecimientos del primer nivel de atenci\u00f3n en esta estrategia. En este sentido, ya se han entregado equipos a la Cl\u00ednica Escolar de Paran\u00e1 (2), como tambi\u00e9n a la Secretar\u00eda de Salud Municipal de Paran\u00e1 (2 equipos, utilizados en consultorios de centros de salud municipales).<\/p>\n<p>Finalmente, cabe se\u00f1alar que en los pr\u00f3ximos d\u00edas se concretar\u00e1n las entregas a los hospitales San Francisco de As\u00eds de Crespo, 9 de Julio de La Paz, Santa Rosa de Villaguay y J. J. Urquiza de Federal.<\/p>\n","protected":false},"excerpt":{"rendered":"<p>La Provincia, a trav\u00e9s del Ministerio de Salud, ya ha distribuido casi 90 computadoras en establecimientos de 14 departamentos con el objetivo de promover la implementaci\u00f3n del sistema Salud Digital Entre R\u00edos (Sader) &nbsp; &nbsp; El Ministerio de Salud de Entre R\u00edos avanza en la distribuci\u00f3n de equipamiento inform\u00e1tico a hospitales y centros de salud de toda la provincia en el marco del proyecto de Salud Digital. Los equipos provistos, suministrados desde Naci\u00f3n, son destinados a la realizaci\u00f3n de acciones inherentes a la implementaci\u00f3n de la Historia Cl\u00ednica Digital y&#8230;<\/p>\n","protected":false},"author":3,"featured_media":103848,"comment_status":"closed","ping_status":"closed","sticky":false,"template":"","format":"standard","meta":[],"categories":[9,15],"tags":[],"_links":{"self":[{"href":"https:\/\/www.actualidadadiario.com\/index.php\/wp-json\/wp\/v2\/posts\/103847"}],"collection":[{"href":"https:\/\/www.actualidadadiario.com\/index.php\/wp-json\/wp\/v2\/posts"}],"about":[{"href":"https:\/\/www.actualidadadiario.com\/index.php\/wp-json\/wp\/v2\/types\/post"}],"author":[{"embeddable":true,"href":"https:\/\/www.actualidadadiario.com\/index.php\/wp-json\/wp\/v2\/users\/3"}],"replies":[{"embeddable":true,"href":"https:\/\/www.actualidadadiario.com\/index.php\/wp-json\/wp\/v2\/comments?post=103847"}],"version-history":[{"count":1,"href":"https:\/\/www.actualidadadiario.com\/index.php\/wp-json\/wp\/v2\/posts\/103847\/revisions"}],"predecessor-version":[{"id":103849,"href":"https:\/\/www.actualidadadiario.com\/index.php\/wp-json\/wp\/v2\/posts\/103847\/revisions\/103849"}],"wp:featuredmedia":[{"embeddable":true,"href":"https:\/\/www.actualidadadiario.com\/index.php\/wp-json\/wp\/v2\/media\/103848"}],"wp:attachment":[{"href":"https:\/\/www.actualidadadiario.com\/index.php\/wp-json\/wp\/v2\/media?parent=103847"}],"wp:term":[{"taxonomy":"category","embeddable":true,"href":"https:\/\/www.actualidadadiario.com\/index.php\/wp-json\/wp\/v2\/categories?post=103847"},{"taxonomy":"post_tag","embeddable":true,"href":"https:\/\/www.actualidadadiario.com\/index.php\/wp-json\/wp\/v2\/tags?post=103847"}],"curies":[{"name":"wp","href":"https:\/\/api.w.org\/{rel}","templated":true}]}}