{"id":103845,"date":"2023-06-28T12:53:45","date_gmt":"2023-06-28T15:53:45","guid":{"rendered":"https:\/\/www.actualidadadiario.com\/?p=103845"},"modified":"2023-06-28T12:53:45","modified_gmt":"2023-06-28T15:53:45","slug":"la-junta-electoral-oficializo-la-postulacion-de-bahl-a-la-gobernacion","status":"publish","type":"post","link":"https:\/\/www.actualidadadiario.com\/index.php\/2023\/06\/28\/la-junta-electoral-oficializo-la-postulacion-de-bahl-a-la-gobernacion\/","title":{"rendered":"La Junta Electoral oficializ\u00f3 la postulaci\u00f3n de Bahl a la gobernaci\u00f3n"},"content":{"rendered":"<p style=\"text-align: center;\"><em><strong>La Junta Electoral del Frente \u201cM\u00e1s para Entre R\u00edos\u201d oficializ\u00f3 las precandidaturas de Ad\u00e1n Bahl y Claudia Monjo como f\u00f3rmula para competir por la gobernaci\u00f3n en la primarias de agosto. Al ser lista \u00fanica, competir\u00e1 en las generales de octubre contra los otros espacios electorales<\/strong><\/em><\/p>\n<p>&nbsp;<\/p>\n<p>&nbsp;<\/p>\n<p>A trav\u00e9s de la Resoluci\u00f3n 06, la Junta oficializ\u00f3 las precandidaturas a la gobernaci\u00f3n, la lista de diputados y las postulaciones para el Senado y cargos locales que hab\u00edan sido presentadas el s\u00e1bado antes de la medianoche. Algunas tuvieron que solucionar observaciones puntuales.<\/p>\n<p>Cumplida esta etapa, la Junta elevar\u00e1 los listados a la Justicia Electoral nacional para que deber\u00e1 disponer los aportes y espacios en medios de comunicaci\u00f3n que correspondiesen.<\/p>\n<p>Luego tendr\u00e1n que presentarse los modelos de boleta que incluir\u00e1n los cargos nacionales, provinciales y locales.<\/p>\n","protected":false},"excerpt":{"rendered":"<p>La Junta Electoral del Frente \u201cM\u00e1s para Entre R\u00edos\u201d oficializ\u00f3 las precandidaturas de Ad\u00e1n Bahl y Claudia Monjo como f\u00f3rmula para competir por la gobernaci\u00f3n en la primarias de agosto. Al ser lista \u00fanica, competir\u00e1 en las generales de octubre contra los otros espacios electorales &nbsp; &nbsp; A trav\u00e9s de la Resoluci\u00f3n 06, la Junta oficializ\u00f3 las precandidaturas a la gobernaci\u00f3n, la lista de diputados y las postulaciones para el Senado y cargos locales que hab\u00edan sido presentadas el s\u00e1bado antes de la medianoche. Algunas tuvieron que solucionar observaciones puntuales&#8230;.<\/p>\n","protected":false},"author":3,"featured_media":103652,"comment_status":"closed","ping_status":"closed","sticky":false,"template":"","format":"standard","meta":[],"categories":[9,15],"tags":[],"_links":{"self":[{"href":"https:\/\/www.actualidadadiario.com\/index.php\/wp-json\/wp\/v2\/posts\/103845"}],"collection":[{"href":"https:\/\/www.actualidadadiario.com\/index.php\/wp-json\/wp\/v2\/posts"}],"about":[{"href":"https:\/\/www.actualidadadiario.com\/index.php\/wp-json\/wp\/v2\/types\/post"}],"author":[{"embeddable":true,"href":"https:\/\/www.actualidadadiario.com\/index.php\/wp-json\/wp\/v2\/users\/3"}],"replies":[{"embeddable":true,"href":"https:\/\/www.actualidadadiario.com\/index.php\/wp-json\/wp\/v2\/comments?post=103845"}],"version-history":[{"count":1,"href":"https:\/\/www.actualidadadiario.com\/index.php\/wp-json\/wp\/v2\/posts\/103845\/revisions"}],"predecessor-version":[{"id":103846,"href":"https:\/\/www.actualidadadiario.com\/index.php\/wp-json\/wp\/v2\/posts\/103845\/revisions\/103846"}],"wp:featuredmedia":[{"embeddable":true,"href":"https:\/\/www.actualidadadiario.com\/index.php\/wp-json\/wp\/v2\/media\/103652"}],"wp:attachment":[{"href":"https:\/\/www.actualidadadiario.com\/index.php\/wp-json\/wp\/v2\/media?parent=103845"}],"wp:term":[{"taxonomy":"category","embeddable":true,"href":"https:\/\/www.actualidadadiario.com\/index.php\/wp-json\/wp\/v2\/categories?post=103845"},{"taxonomy":"post_tag","embeddable":true,"href":"https:\/\/www.actualidadadiario.com\/index.php\/wp-json\/wp\/v2\/tags?post=103845"}],"curies":[{"name":"wp","href":"https:\/\/api.w.org\/{rel}","templated":true}]}}